{"id":2044,"date":"2022-07-30T00:00:00","date_gmt":"2022-07-30T00:00:00","guid":{"rendered":"https:\/\/herdemlaw.com\/?p=2044"},"modified":"2025-04-10T01:35:39","modified_gmt":"2025-04-10T01:35:39","slug":"avrupa-birligi-yaptirimlari-varliklarin-dondurulmasi-ve-fon-ve-ekonomik-kaynak-saglama-yasagi-hakkinda-yeni-yayimlanan-sik-sorulan-sorular","status":"publish","type":"post","link":"https:\/\/herdemlaw.com\/tr-tr\/kesfetmek\/avrupa-birligi-yaptirimlari-varliklarin-dondurulmasi-ve-fon-ve-ekonomik-kaynak-saglama-yasagi-hakkinda-yeni-yayimlanan-sik-sorulan-sorular\/","title":{"rendered":"Avrupa Birli\u011fi Yapt\u0131r\u0131mlar\u0131: Varl\u0131klar\u0131n Dondurulmas\u0131 ve Fon ve Ekonomik Kaynak Sa\u011flama Yasa\u011f\u0131 Hakk\u0131nda Yeni Yay\u0131mlanan S\u0131k Sorulan Sorular"},"content":{"rendered":"<p style=\"text-align: justify;\">Avrupa Komisyonu (\u201cKomisyon\u201d) taraf\u0131ndan, Rusya&#8217;n\u0131n Ukrayna&#8217;ya y\u00f6nelik askeri sald\u0131rganl\u0131\u011f\u0131n\u0131n ard\u0131ndan kabul edilen yapt\u0131r\u0131mlarla ilgili varl\u0131klar\u0131n dondurulmas\u0131na ve fon ve ekonomik kaynak sa\u011flama yasa\u011f\u0131na ili\u015fkin S\u0131k Sorulan Sorulara (\u201cSSS\u201d) yeni SSS\u2019ler eklenmi\u015ftir.<\/p>\n<p style=\"text-align: justify;\">\u00d6ncelikle SSS ile, halihaz\u0131rda bir AB liman\u0131nda bulunan bir geminin, r\u0131ht\u0131ma demirleme, elektrik ve su temini, denizcilik faaliyetinin bir sonucu olarak at\u0131k kabul\u00fc de dahil olmak \u00fczere herhangi bir hizmetten mahrum b\u0131rak\u0131lmas\u0131 gerekip gerekmedi\u011fi sorusuna a\u00e7\u0131kl\u0131k getirilmi\u015ftir. AB operat\u00f6rlerinin, listelenmi\u015f ki\u015filere do\u011frudan veya dolayl\u0131 olarak fon veya ekonomik kaynak sa\u011flamalar\u0131 yasakt\u0131r. Emek ve hizmetler, listelenen ki\u015finin fon, mal veya hizmet elde etmesini sa\u011fl\u0131yorsa ekonomik kaynaklar olarak kabul edilebilecektir. S\u00f6z konusu hizmetin\/hizmetlerin bu sonuca yol a\u00e7\u0131p a\u00e7mayaca\u011f\u0131n\u0131 belirlemek ise operat\u00f6re aittir. B\u00f6yle bir durumda, hizmet(ler) yasaklanacakt\u0131r.<\/p>\n<p style=\"text-align: justify;\">Bir geminin sahibi veya kullan\u0131c\u0131s\u0131n\u0131n belirlenmi\u015f bir ger\u00e7ek ki\u015fi veya te\u015febb\u00fcs olmas\u0131 halinde, gemi bir \u00dcye Devletin karasular\u0131nda bulunuyorsa, bar\u0131\u015f\u00e7\u0131l ge\u00e7i\u015f hakk\u0131n\u0131 ihlal etmeden ulusal yetkili makamlar\u0131n harekete ge\u00e7ip ge\u00e7memesi gerekti\u011fi de a\u00e7\u0131klanm\u0131\u015ft\u0131r.<\/p>\n<p style=\"text-align: justify;\">Buna g\u00f6re, Birle\u015fmi\u015f Milletler Deniz Hukuku S\u00f6zle\u015fmesi&#8217;nin 2. maddesine g\u00f6re, bir devletin egemenli\u011fi karasular\u0131n\u0131 da kapsamaktad\u0131r. Bu nedenle, ilgili belirlenmi\u015f ger\u00e7ek ki\u015fi veya te\u015febb\u00fcs\u00fcn AB\u2019ye girmesi yasaklanm\u0131\u015fsa, bu durumda, kendi takdirine ba\u011fl\u0131 olarak ve seyr\u00fcsefer serbestisi de dahil olmak \u00fczere ko\u015fullar dikkate al\u0131narak, Bir \u00dcye Devlet, karasular\u0131n\u0131n co\u011frafi kapsam\u0131nda da ilgili \u00f6nlemleri alabilecektir.<\/p>\n<p style=\"text-align: justify;\">Bununla birlikte, ulusal makamlar\u0131n, gemi sahiplerinin \u00f6demesi gereken \u00fccretleri tahsil etmesi gerekti\u011fi belirtilmi\u015ftir.<\/p>\n<p style=\"text-align: justify;\">Ayr\u0131ca, (AB) 269\/2014 say\u0131l\u0131 Konsey T\u00fcz\u00fc\u011f\u00fc\u2019n\u00fcn (\u201cKonsey T\u00fcz\u00fc\u011f\u00fc\u201d) 8. maddesindeki g\u00fc\u00e7lendirilmi\u015f raporlama y\u00fck\u00fcml\u00fcl\u00fc\u011f\u00fcn\u00fcn neleri i\u00e7erdi\u011fi a\u00e7\u0131klanm\u0131\u015ft\u0131r. Daha \u00f6nce Konsey T\u00fcz\u00fc\u011f\u00fc madde 8, AB yarg\u0131 yetkisi alt\u0131ndaki t\u00fcm ki\u015filerin \u00dcye Devletlere ve Komisyon\u2019a Konsey T\u00fcz\u00fc\u011f\u00fc&#8217;ne&nbsp;uyumu kolayla\u015ft\u0131racak herhangi bir bilgiyi vermesini gerektiriyordu. Bu, \u00f6zellikle, halihaz\u0131rda dondurulmu\u015f olarak i\u015flem g\u00f6ren varl\u0131klara ili\u015fkin bilgileri i\u00e7ermekteydi.<\/p>\n<p style=\"text-align: justify;\">\u015eu anda g\u00fc\u00e7lendirilmi\u015f olan Konsey T\u00fcz\u00fc\u011f\u00fc madde 8 ise, AB yarg\u0131 yetkisi alt\u0131ndaki ki\u015filerin, hen\u00fcz dondurulmam\u0131\u015f olarak ele al\u0131nmam\u0131\u015f varl\u0131klarla ilgili ellerinde bulunan her t\u00fcrl\u00fc bilgiyi de bildirmelerini a\u00e7\u0131k\u00e7a gerektirmektedir. Bu, \u00f6rne\u011fin, listede yer alan ki\u015filer taraf\u0131ndan gizlenen varl\u0131klar\u0131 veya AB&#8217;de yeterince ele al\u0131nmayan varl\u0131klar\u0131 i\u00e7erebilecektir. Ek olarak, Konsey T\u00fcz\u00fc\u011f\u00fc 8. madde art\u0131k \u201cbildirim, gizlilik ve mesleki s\u0131r ile ilgili ge\u00e7erli kurallara bak\u0131lmaks\u0131z\u0131n\u201d uygulanmaktad\u0131r. Ba\u015fka bir deyi\u015fle, adlar, bireysel varl\u0131klar ve transfer tarihleri de dahil olmak \u00fczere ilgili t\u00fcm verileri bildirmekle y\u00fck\u00fcml\u00fc olan s\u00f6z konusu AB operat\u00f6rleri taraf\u0131ndan girilen ilgili anla\u015fmalar\u0131 g\u00f6lgede b\u0131rakacakt\u0131r.<\/p>\n<p style=\"text-align: justify;\">Bununla birlikte, AB yapt\u0131r\u0131m mevzuat\u0131n\u0131n, Avrupa Birli\u011fi Temel Haklar Bildirgesi&#8217;nde belirtildi\u011fi gibi, \u00f6zellikle etkili bir hukuk yolu ve savunma hakk\u0131n\u0131 g\u00fcvence alt\u0131na ald\u0131\u011f\u0131 belirtilmelidir. Bu nedenle, prensip olarak, g\u00fc\u00e7lendirilmi\u015f raporlama y\u00fck\u00fcml\u00fcl\u00fc\u011f\u00fc, listeye kay\u0131tl\u0131 ki\u015filerle ba\u011flant\u0131l\u0131 hizmetlerin ve faaliyetlerin \u00e7o\u011funu kapsayacak olsa da, mahkeme i\u015flemlerinde yasal temsilin bir par\u00e7as\u0131 olarak al\u0131nan bilgileri kapsamamal\u0131d\u0131r.<\/p>\n<p style=\"text-align: justify;\">AB yapt\u0131r\u0131m yasas\u0131, ki\u015fisel verilerin korunmas\u0131 hakk\u0131 da dahil olmak \u00fczere, Avrupa Birli\u011fi Temel Haklar Bildirgesi&#8217;ndeki di\u011fer t\u00fcm hak ve \u00f6zg\u00fcrl\u00fcklerle uyumlu olarak uygulanacakt\u0131r. Konsey T\u00fcz\u00fc\u011f\u00fc madde 8(3) hali haz\u0131rda, bu madde uyar\u0131nca sa\u011flanan veya al\u0131nan herhangi bir bilginin \u201cyaln\u0131zca sa\u011fland\u0131\u011f\u0131 veya al\u0131nd\u0131\u011f\u0131 ama\u00e7lar i\u00e7in\u201d kullan\u0131lmas\u0131 gerekti\u011fini belirtmektedir.<\/p>\n<p style=\"text-align: justify;\">Son olarak, Konsey T\u00fcz\u00fc\u011f\u00fc madde 9\u2019daki yeni bildirim y\u00fck\u00fcml\u00fcl\u00fc\u011f\u00fcn\u00fcn neleri i\u00e7erdi\u011fi a\u00e7\u0131klanm\u0131\u015ft\u0131r. Bu kapsamda ilk kez, listelenen ger\u00e7ek ki\u015fi ve te\u015febb\u00fcslerin, AB yarg\u0131 yetkisi dahilinde bulunan, kendilerine ait, sahip olunan, elinde tutulan veya kontrol edilen fonlar\u0131 veya ekonomik kaynaklar\u0131 \u00dcye Devletlerin yetkili makamlar\u0131na if\u015fa etmekle y\u00fck\u00fcml\u00fc oldu\u011fu belirtilmi\u015ftir.<\/p>\n<p style=\"text-align: justify;\">Bu yeni y\u00fck\u00fcml\u00fcl\u00fck, yapt\u0131r\u0131mlardan ka\u00e7\u0131nma planlar\u0131n\u0131n artan karma\u015f\u0131kl\u0131\u011f\u0131na yan\u0131t olarak gelmi\u015f ve bu varl\u0131klar\u0131n daha etkin bir \u015fekilde izlenmesini sa\u011flamaya yard\u0131mc\u0131 olacakt\u0131r. Bu y\u00fck\u00fcml\u00fcl\u00fc\u011fe uyulmamas\u0131, yani zaman\u0131nda bildirimde bulunulmamas\u0131, para cezalar\u0131 da dahil olmak \u00fczere her \u00dcye Devletin ulusal mevzuat\u0131 uyar\u0131nca sonu\u00e7lar\u0131yla birlikte AB yapt\u0131r\u0131m yasas\u0131n\u0131n ihlali olarak de\u011ferlendirilecektir.<\/p>\n<p style=\"text-align: justify;\">\u015eafak Herdem, Esra Temur<\/p>","protected":false},"excerpt":{"rendered":"<p>Avrupa Komisyonu (\u201cKomisyon\u201d) taraf\u0131ndan, Rusya&#8217;n\u0131n Ukrayna&#8217;ya y\u00f6nelik askeri sald\u0131rganl\u0131\u011f\u0131n\u0131n ard\u0131ndan kabul edilen yapt\u0131r\u0131mlarla ilgili varl\u0131klar\u0131n dondurulmas\u0131na ve fon ve ekonomik &#8230; <a title=\"Avrupa Birli\u011fi Yapt\u0131r\u0131mlar\u0131: Varl\u0131klar\u0131n Dondurulmas\u0131 ve Fon ve Ekonomik Kaynak Sa\u011flama Yasa\u011f\u0131 Hakk\u0131nda Yeni Yay\u0131mlanan S\u0131k Sorulan Sorular\" class=\"read-more\" href=\"https:\/\/herdemlaw.com\/tr-tr\/kesfetmek\/avrupa-birligi-yaptirimlari-varliklarin-dondurulmasi-ve-fon-ve-ekonomik-kaynak-saglama-yasagi-hakkinda-yeni-yayimlanan-sik-sorulan-sorular\/\" aria-label=\"Read more about Avrupa Birli\u011fi Yapt\u0131r\u0131mlar\u0131: Varl\u0131klar\u0131n Dondurulmas\u0131 ve Fon ve Ekonomik Kaynak Sa\u011flama Yasa\u011f\u0131 Hakk\u0131nda Yeni Yay\u0131mlanan S\u0131k Sorulan Sorular\">Read more<\/a><\/p>","protected":false},"author":1,"featured_media":7168,"comment_status":"closed","ping_status":"closed","sticky":false,"template":"","format":"standard","meta":{"footnotes":""},"categories":[25],"tags":[],"class_list":["post-2044","post","type-post","status-publish","format-standard","has-post-thumbnail","hentry","category-havacilik","masonry-post","generate-columns","tablet-grid-50","mobile-grid-100","grid-parent","grid-33"],"aioseo_notices":[],"_links":{"self":[{"href":"https:\/\/herdemlaw.com\/tr-tr\/wp-json\/wp\/v2\/posts\/2044","targetHints":{"allow":["GET"]}}],"collection":[{"href":"https:\/\/herdemlaw.com\/tr-tr\/wp-json\/wp\/v2\/posts"}],"about":[{"href":"https:\/\/herdemlaw.com\/tr-tr\/wp-json\/wp\/v2\/types\/post"}],"author":[{"embeddable":true,"href":"https:\/\/herdemlaw.com\/tr-tr\/wp-json\/wp\/v2\/users\/1"}],"replies":[{"embeddable":true,"href":"https:\/\/herdemlaw.com\/tr-tr\/wp-json\/wp\/v2\/comments?post=2044"}],"version-history":[{"count":1,"href":"https:\/\/herdemlaw.com\/tr-tr\/wp-json\/wp\/v2\/posts\/2044\/revisions"}],"predecessor-version":[{"id":7180,"href":"https:\/\/herdemlaw.com\/tr-tr\/wp-json\/wp\/v2\/posts\/2044\/revisions\/7180"}],"wp:featuredmedia":[{"embeddable":true,"href":"https:\/\/herdemlaw.com\/tr-tr\/wp-json\/wp\/v2\/media\/7168"}],"wp:attachment":[{"href":"https:\/\/herdemlaw.com\/tr-tr\/wp-json\/wp\/v2\/media?parent=2044"}],"wp:term":[{"taxonomy":"category","embeddable":true,"href":"https:\/\/herdemlaw.com\/tr-tr\/wp-json\/wp\/v2\/categories?post=2044"},{"taxonomy":"post_tag","embeddable":true,"href":"https:\/\/herdemlaw.com\/tr-tr\/wp-json\/wp\/v2\/tags?post=2044"}],"curies":[{"name":"wp","href":"https:\/\/api.w.org\/{rel}","templated":true}]}}