{"id":2043,"date":"2022-07-30T00:00:00","date_gmt":"2022-07-30T00:00:00","guid":{"rendered":"https:\/\/herdemlaw.com\/?p=2043"},"modified":"2025-04-10T01:35:39","modified_gmt":"2025-04-10T01:35:39","slug":"avrupa-yaptirimlari-mallarin-rusya39dan-transit-gecisi-hakkinda-ek-kilavuz","status":"publish","type":"post","link":"https:\/\/herdemlaw.com\/tr-tr\/kesfetmek\/avrupa-yaptirimlari-mallarin-rusya39dan-transit-gecisi-hakkinda-ek-kilavuz\/","title":{"rendered":"Avrupa Yapt\u0131r\u0131mlar\u0131: Mallar\u0131n Rusya&#39;dan Transit Ge\u00e7i\u015fi Hakk\u0131nda Ek K\u0131lavuz"},"content":{"rendered":"<p style=\"text-align:justify\">Avrupa Komisyonu (&ldquo;Komisyon&rdquo;) taraf\u0131ndan, 13 Temmuz 2022 tarihinde Mallar\u0131n Rusya&#39;dan Transit Ge&ccedil;i\u015fi Hakk\u0131nda Ek K\u0131lavuz (&ldquo;K\u0131lavuz&rdquo;) yay\u0131mlanm\u0131\u015ft\u0131r.<\/p>\n<p style=\"text-align:justify\">&Ouml;ncelikle, Rusya&#39;n\u0131n Ukrayna&#39;ya y&ouml;nelik sald\u0131rganl\u0131\u011f\u0131na yan\u0131t olarak AB&rsquo;nin, 2022&#39;de Rusya&#39;ya kar\u015f\u0131 bir dizi geni\u015f kapsaml\u0131 k\u0131s\u0131tlay\u0131c\u0131 &ouml;nlem ald\u0131\u011f\u0131 belirtilmi\u015ftir. &Ouml;zellikle, (AB) 833\/2014 say\u0131l\u0131 Konsey T&uuml;z&uuml;\u011f&uuml; (&quot;Konsey T&uuml;z&uuml;\u011f&uuml;&quot;), Rusya men\u015feili belirli mallarla ilgili olarak bir dizi spesifik ve hedefli ithalat ve ihracat k\u0131s\u0131tlamas\u0131 ortaya koymaktad\u0131r.<\/p>\n<p style=\"text-align:justify\">K\u0131lavuz ile, bu yapt\u0131r\u0131mlar\u0131n ilgili uluslararas\u0131 anla\u015fmalardaki g&uuml;venlik istisnalar\u0131yla tamamen uyumlu oldu\u011fu a&ccedil;\u0131klanm\u0131\u015ft\u0131r. Ortakl\u0131k ve \u0130\u015f birli\u011fi Anla\u015fmalar\u0131&rsquo;n\u0131n (&ldquo;PCA&rdquo;) 19. maddesi ve 99. maddesi uyar\u0131nca, di\u011ferlerinin yan\u0131 s\u0131ra, kamu g&uuml;venli\u011fi veya insan sa\u011fl\u0131\u011f\u0131n\u0131n ve ya\u015fam\u0131n\u0131n korunmas\u0131 veya fikri, s\u0131nai veya ticari m&uuml;lkiyetin korunmas\u0131 ve temel g&uuml;venlik &ccedil;\u0131karlar\u0131n\u0131n korunmas\u0131 gerek&ccedil;eleriyle hakl\u0131 g&ouml;r&uuml;ld&uuml;\u011f&uuml; takdirde, transit halindeki mallar &uuml;zerindeki yasaklar veya k\u0131s\u0131tlamalar uygulanabilecektir. Ayn\u0131 zamanda, G&uuml;mr&uuml;k Tarifeleri ve Ticaret Genel Anla\u015fmas\u0131 (&ldquo;GATT&rdquo;) Madde V ve PCA&#39;n\u0131n 12. maddesi ile 2004 AB-Rusya Deklarasyonu, genel bir transit serbesti ilkesi ortaya koymaktad\u0131r.<\/p>\n<p style=\"text-align:justify\">Bu k\u0131s\u0131tlay\u0131c\u0131 tedbirlerin, Rusya Federasyonu&#39;nun biti\u015fik olmayan k\u0131s\u0131mlar\u0131 aras\u0131nda Avrupa Birli\u011fi &uuml;zerinden transit olarak temel mallar\u0131n ta\u015f\u0131nmas\u0131n\u0131 yasaklay\u0131p yasaklamad\u0131\u011f\u0131 sorusu ortaya &ccedil;\u0131km\u0131\u015ft\u0131r. &Ouml;zellikle demir-&ccedil;elik, &ccedil;imento ve odun, k&ouml;m&uuml;r ve ham petrol ve petrol &uuml;r&uuml;nleri gibi bir dizi yapt\u0131r\u0131ml\u0131 &uuml;r&uuml;n i&ccedil;in bu soru g&uuml;ndeme gelmi\u015ftir.<\/p>\n<p style=\"text-align:justify\">Bu K\u0131lavuz, di\u011fer durumlarda yapt\u0131r\u0131mlar\u0131n uygulanmas\u0131na ili\u015fkin olarak Komisyon taraf\u0131ndan sa\u011flanan k\u0131lavuzu etkilememektedir.<\/p>\n<p style=\"text-align:justify\">Ayr\u0131ca, Konsey T&uuml;z&uuml;\u011f&uuml;&rsquo;nde yer alan ilgili AB ticari yapt\u0131r\u0131mlar\u0131, Rusya men\u015feili veya Rusya&#39;dan\/Rusya&#39;ya ihra&ccedil; ediliyorsa, do\u011frudan veya dolayl\u0131 olarak s&ouml;z konusu mallar\u0131n sat\u0131n al\u0131nmas\u0131n\u0131, ithal edilmesini\/ihra&ccedil; edilmesini veya devredilmesini yasaklamaktad\u0131r.<\/p>\n<p style=\"text-align:justify\">Konsey T&uuml;z&uuml;\u011f&uuml;&rsquo;n&uuml;n 3(l) maddesi uyar\u0131nca, Rusya&#39;da yerle\u015fik karayolu ta\u015f\u0131mac\u0131l\u0131\u011f\u0131 kurulu\u015flar\u0131n\u0131n, transit dahil olmak &uuml;zere, AB s\u0131n\u0131rlar\u0131 i&ccedil;inde karayoluyla mal ta\u015f\u0131mas\u0131 yasakt\u0131r. Ancak, bu yasak, Konsey T&uuml;z&uuml;\u011f&uuml; uyar\u0131nca bu t&uuml;r mallar\u0131n ta\u015f\u0131nmas\u0131 ba\u015fka \u015fekilde yasaklanmad\u0131\u011f\u0131 s&uuml;rece, Kaliningrad Oblast\u0131 ile Rusya aras\u0131nda AB &uuml;zerinden transit olarak mallar\u0131n ta\u015f\u0131nmas\u0131 i&ccedil;in ge&ccedil;erli de\u011fildir. Bu nedenle, yapt\u0131r\u0131ma tabi mallar\u0131n karayoluyla ge&ccedil;i\u015fine izin verilmemektedir.<\/p>\n<p style=\"text-align:justify\">K\u0131lavuz&rsquo;a g&ouml;re, &Uuml;ye Devletlerin AB hukukuna uygun olarak a\u015fa\u011f\u0131da belirtilen etkin kontrolleri ger&ccedil;ekle\u015ftirme y&uuml;k&uuml;ml&uuml;l&uuml;\u011f&uuml;ne halel getirmeksizin, ayn\u0131 rotadaki demiryolu ta\u015f\u0131mac\u0131l\u0131\u011f\u0131 i&ccedil;in b&ouml;yle bir &ouml;zel rejim uygulanmamaktad\u0131r.<\/p>\n<p style=\"text-align:justify\">Bununla birlikte, (AB) 2021\/821 say\u0131l\u0131 Konsey T&uuml;z&uuml;\u011f&uuml;&rsquo;nde tan\u0131mland\u0131\u011f\u0131 gibi, yapt\u0131r\u0131ma tabi askeri ve &ccedil;ift kullan\u0131ml\u0131 mal ve teknolojinin transit ge&ccedil;i\u015fi her hal&uuml;k&acirc;rda yasakt\u0131r. &Uuml;ye Devletler ayr\u0131ca, Rusya&#39;n\u0131n herhangi bir yerine yasa d\u0131\u015f\u0131 yollardan gelen yapt\u0131r\u0131ma tabi mallar\u0131n AB g&uuml;mr&uuml;k b&ouml;lgesi &uuml;zerinden ta\u015f\u0131nmamas\u0131n\u0131 sa\u011flamal\u0131d\u0131r.<\/p>\n<p style=\"text-align:justify\">&Uuml;ye Devletler, AB&#39;nin k\u0131s\u0131tlay\u0131c\u0131 &ouml;nlemlerinin olas\u0131 her t&uuml;rl&uuml; dolan\u0131lmas\u0131n\u0131 &ouml;nlemek i&ccedil;in yasal y&uuml;k&uuml;ml&uuml;l&uuml;k alt\u0131ndad\u0131r. Bu ama&ccedil;la, &Uuml;ye Devletlerin Rusya Federasyonu&#39;nun biti\u015fik olmayan k\u0131s\u0131mlar\u0131 aras\u0131ndaki iki y&ouml;nl&uuml; ticaret ak\u0131\u015flar\u0131n\u0131 izlemeye devam etmesi gerekmektedir. AB d&uuml;zenlemelerinin ihlalini &ouml;nlemek i&ccedil;in hedefli, orant\u0131l\u0131 ve etkili kontroller ve di\u011fer uygun &ouml;nlemler &Uuml;ye Devletlerin yetkilileri taraf\u0131ndan ger&ccedil;ekle\u015ftirilmelidir. B&ouml;yle bir durumda &Uuml;ye Devletler, uygun olan hallerde transitin reddi ve s&ouml;z konusu mallar\u0131n al\u0131konulmas\u0131 da dahil olmak &uuml;zere, AB hukuku kapsam\u0131nda &ouml;ng&ouml;r&uuml;len t&uuml;m gerekli &ouml;nlemleri alacaklard\u0131r.<\/p>\n<p style=\"text-align:justify\">Ek olarak, &Uuml;ye Devletler, transit hacimlerinin, &ouml;zellikle var\u0131\u015f noktas\u0131ndaki temel mallara y&ouml;nelik ger&ccedil;ek talebi yans\u0131tan son 3 y\u0131l\u0131n tarihsel ortalamalar\u0131 i&ccedil;inde kal\u0131p kalmad\u0131\u011f\u0131n\u0131 ve hileye yol a&ccedil;abilecek ola\u011fand\u0131\u015f\u0131 ak\u0131\u015flar veya ticaret kal\u0131plar\u0131 olup olmad\u0131\u011f\u0131n\u0131 kontrol etmelidirler. B&ouml;yle bir durumda &Uuml;ye Devletlerin, uygun olan hallerde transitin reddi ve s&ouml;z konusu mallar\u0131n al\u0131konulmas\u0131 da dahil olmak &uuml;zere, AB hukuku kapsam\u0131nda &ouml;ng&ouml;r&uuml;len t&uuml;m gerekli &ouml;nlemleri almalar\u0131 gerekmektedir.<\/p>\n<p style=\"text-align:justify\">Son olarak, &Uuml;ye Devletlerin yetkilileri ve Komisyon&rsquo;un, bu konuda i\u015f birli\u011fi yapmaya ve yak\u0131n koordinasyona devam edecekleri belirtilmi\u015ftir. K\u0131lavuz&rsquo;da Komisyon&rsquo;un, tek tip uygulamay\u0131 sa\u011flamak i&ccedil;in &Uuml;ye Devletlere daha fazla rehberlik, iki y&ouml;nl&uuml; ak\u0131\u015flar\u0131 ve idari en iyi uygulamalar\u0131 izlemeye y&ouml;nelik y&ouml;nergeler ve tavsiyeler sa\u011flamaya haz\u0131r oldu\u011fu a&ccedil;\u0131klanm\u0131\u015ft\u0131r.<\/p>\n<p style=\"text-align:justify\">\u015eafak Herdem, Esra Temur<\/p>","protected":false},"excerpt":{"rendered":"<p>Avrupa Komisyonu (&ldquo;Komisyon&rdquo;) taraf\u0131ndan, 13 Temmuz 2022 tarihinde Mallar\u0131n Rusya&#39;dan Transit Ge&ccedil;i\u015fi Hakk\u0131nda Ek K\u0131lavuz (&ldquo;K\u0131lavuz&rdquo;) yay\u0131mlanm\u0131\u015ft\u0131r. &Ouml;ncelikle, Rusya&#39;n\u0131n Ukrayna&#39;ya &#8230; <a title=\"Avrupa Yapt\u0131r\u0131mlar\u0131: Mallar\u0131n Rusya&#039;dan Transit Ge\u00e7i\u015fi Hakk\u0131nda Ek K\u0131lavuz\" class=\"read-more\" href=\"https:\/\/herdemlaw.com\/tr-tr\/kesfetmek\/avrupa-yaptirimlari-mallarin-rusya39dan-transit-gecisi-hakkinda-ek-kilavuz\/\" aria-label=\"Read more about Avrupa Yapt\u0131r\u0131mlar\u0131: Mallar\u0131n Rusya&#039;dan Transit Ge\u00e7i\u015fi Hakk\u0131nda Ek K\u0131lavuz\">Read more<\/a><\/p>","protected":false},"author":1,"featured_media":7169,"comment_status":"closed","ping_status":"closed","sticky":false,"template":"","format":"standard","meta":{"footnotes":""},"categories":[23],"tags":[],"class_list":["post-2043","post","type-post","status-publish","format-standard","has-post-thumbnail","hentry","category-uluslararasi-ticaret","masonry-post","generate-columns","tablet-grid-50","mobile-grid-100","grid-parent","grid-33"],"aioseo_notices":[],"_links":{"self":[{"href":"https:\/\/herdemlaw.com\/tr-tr\/wp-json\/wp\/v2\/posts\/2043","targetHints":{"allow":["GET"]}}],"collection":[{"href":"https:\/\/herdemlaw.com\/tr-tr\/wp-json\/wp\/v2\/posts"}],"about":[{"href":"https:\/\/herdemlaw.com\/tr-tr\/wp-json\/wp\/v2\/types\/post"}],"author":[{"embeddable":true,"href":"https:\/\/herdemlaw.com\/tr-tr\/wp-json\/wp\/v2\/users\/1"}],"replies":[{"embeddable":true,"href":"https:\/\/herdemlaw.com\/tr-tr\/wp-json\/wp\/v2\/comments?post=2043"}],"version-history":[{"count":1,"href":"https:\/\/herdemlaw.com\/tr-tr\/wp-json\/wp\/v2\/posts\/2043\/revisions"}],"predecessor-version":[{"id":7179,"href":"https:\/\/herdemlaw.com\/tr-tr\/wp-json\/wp\/v2\/posts\/2043\/revisions\/7179"}],"wp:featuredmedia":[{"embeddable":true,"href":"https:\/\/herdemlaw.com\/tr-tr\/wp-json\/wp\/v2\/media\/7169"}],"wp:attachment":[{"href":"https:\/\/herdemlaw.com\/tr-tr\/wp-json\/wp\/v2\/media?parent=2043"}],"wp:term":[{"taxonomy":"category","embeddable":true,"href":"https:\/\/herdemlaw.com\/tr-tr\/wp-json\/wp\/v2\/categories?post=2043"},{"taxonomy":"post_tag","embeddable":true,"href":"https:\/\/herdemlaw.com\/tr-tr\/wp-json\/wp\/v2\/tags?post=2043"}],"curies":[{"name":"wp","href":"https:\/\/api.w.org\/{rel}","templated":true}]}}