{"id":2042,"date":"2022-07-28T00:00:00","date_gmt":"2022-07-28T00:00:00","guid":{"rendered":"https:\/\/herdemlaw.com\/?p=2042"},"modified":"2025-04-10T01:35:40","modified_gmt":"2025-04-10T01:35:40","slug":"avrupa-birligi-yaptirimlari-altin-ithalat-yasagi-hakkinda-sik-sorulan-sorular","status":"publish","type":"post","link":"https:\/\/herdemlaw.com\/tr-tr\/kesfetmek\/avrupa-birligi-yaptirimlari-altin-ithalat-yasagi-hakkinda-sik-sorulan-sorular\/","title":{"rendered":"Avrupa Birli\u011fi Yapt\u0131r\u0131mlar\u0131: Alt\u0131n \u0130thalat Yasa\u011f\u0131 Hakk\u0131nda S\u0131k Sorulan Sorular"},"content":{"rendered":"<p style=\"text-align:justify\">Avrupa Komisyonu (&ldquo;Komisyon&rdquo;) taraf\u0131ndan, 27 Temmuz 2022 tarihinde Rusya&#39;n\u0131n Ukrayna&#39;ya y&ouml;nelik askeri sald\u0131rganl\u0131\u011f\u0131n\u0131n ard\u0131ndan kabul edilen yapt\u0131r\u0131mlarla ilgili alt\u0131n ithalat yasa\u011f\u0131na ili\u015fkin S\u0131k Sorulan Sorular (&ldquo;SSS&rdquo;) yay\u0131mlanm\u0131\u015ft\u0131r.<\/p>\n<p style=\"text-align:justify\">&Ouml;ncelikle SSS ile, AB&rsquo;nin neden alt\u0131n ithalat yasa\u011f\u0131 getirdi\u011fi ve bu yasa\u011f\u0131n neleri kapsad\u0131\u011f\u0131na ili\u015fkin a&ccedil;\u0131klama yap\u0131lm\u0131\u015ft\u0131r. Buna g&ouml;re, G7, Rusya &uuml;zerindeki ekonomik bask\u0131y\u0131 daha da art\u0131rmak i&ccedil;in e\u015fg&uuml;d&uuml;ml&uuml; eylemin gereklili\u011fi konusunda anla\u015fm\u0131\u015ft\u0131r. Alt\u0131n yasa\u011f\u0131, AB yapt\u0131r\u0131mlar\u0131n\u0131 G7 ortaklar\u0131n\u0131n yapt\u0131r\u0131mlar\u0131yla daha da uyumlu hale getirmektedir.<\/p>\n<p style=\"text-align:justify\">AB yapt\u0131r\u0131mlar\u0131, Rusya&#39;n\u0131n enerjiden sonra en &ouml;nemli ihracat\u0131n\u0131 olu\u015fturan alt\u0131n\u0131n do\u011frudan veya dolayl\u0131 ithalat\u0131n\u0131, sat\u0131n al\u0131nmas\u0131n\u0131 veya transferini, (AB) 833\/2014 say\u0131l\u0131 Konsey T&uuml;z&uuml;\u011f&uuml;&rsquo;n&uuml;n (&ldquo;Konsey T&uuml;z&uuml;\u011f&uuml;&rdquo;) 3(o) maddesi uyar\u0131nca 22 Temmuz 2022 tarihinden itibaren yasaklamaktad\u0131r.<\/p>\n<p style=\"text-align:justify\">\u0130\u015fbu alt\u0131n yasa\u011f\u0131, Konsey T&uuml;z&uuml;\u011f&uuml;&rsquo;n&uuml;n Ek XXVI&rsquo;sinde listelenen alt\u0131nlar, yani platinle kaplanm\u0131\u015f alt\u0131n, i\u015flenmemi\u015f veya yar\u0131 i\u015flenmi\u015f formlarda, toz halinde, alt\u0131nla kaplanm\u0131\u015f metaller dahil ancak di\u011fer de\u011ferli metalleri i&ccedil;eren s&uuml;p&uuml;rmeler hari&ccedil; alt\u0131n\u0131n d&ouml;k&uuml;nt&uuml; ve hurdalar\u0131 ve alt\u0131n sikkeler i&ccedil;in ge&ccedil;erlidir.<\/p>\n<p style=\"text-align:justify\">Bununla birlikte bu yasak, (i) Rusya men\u015feili ve (ii) 22 Temmuz 2022 tarihinden sonra Rusya&#39;dan AB&rsquo;ye veya herhangi bir &uuml;&ccedil;&uuml;nc&uuml; &uuml;lkeye ihra&ccedil; edilmi\u015fse alt\u0131n i&ccedil;in ge&ccedil;erlidir. Bu, 22 Temmuz 2022 ve sonras\u0131nda AB&#39;ye ithal edilen b&ouml;yle bir mal\u0131n yasak kapsam\u0131na girmemesi i&ccedil;in, ithalat&ccedil;\u0131n\u0131n g&uuml;mr&uuml;k makamlar\u0131na mal\u0131n 22 Temmuz 2022 tarihinden &ouml;nce Rusya&#39;dan ihra&ccedil; edildi\u011fine dair bir kan\u0131t sunmas\u0131 gerekti\u011fi anlam\u0131na gelmektedir. Bu nedenle, bu yasak, &ouml;rne\u011fin 22 Temmuz 2022 tarihinden &ouml;nce Rusya&#39;dan ihra&ccedil; edilmi\u015fse, &Uuml;ye Devletler genelinde merkez bankalar\u0131, yat\u0131r\u0131mc\u0131lar, \u015firketler veya emeklilik fonlar\u0131 taraf\u0131ndan halihaz\u0131rda tutulan Rus men\u015feili alt\u0131nlar i&ccedil;in ge&ccedil;erli de\u011fildir. Yasak, Konsey T&uuml;z&uuml;\u011f&uuml;&rsquo;n&uuml;n 3(o) maddesinin 4. f\u0131kras\u0131 uyar\u0131nca finansman, teknik ve di\u011fer ilgili yard\u0131mlar i&ccedil;in de ge&ccedil;erlidir.<\/p>\n<p style=\"text-align:justify\">Bir di\u011fer SSS ile, i\u015flenmi\u015f alt\u0131n\u0131n da yasakla ilgili oldu\u011fu belirtilmi\u015ftir. &nbsp;Yasak, a\u015fa\u011f\u0131daki \u015fartlar\u0131 yerine getirmesi halinde, Konsey T&uuml;z&uuml;\u011f&uuml;&rsquo;n&uuml;n 3(o) maddesinin 2. f\u0131kras\u0131na g&ouml;re i\u015flenmi\u015f alt\u0131n i&ccedil;in ge&ccedil;erlidir: (i) Konsey T&uuml;z&uuml;\u011f&uuml; Ek XXVI&#39;de listelenen &uuml;r&uuml;nler, (ii) &uuml;&ccedil;&uuml;nc&uuml; bir &uuml;lkede i\u015flenmi\u015f &uuml;r&uuml;nler ve (iii) Konsey T&uuml;z&uuml;\u011f&uuml;&rsquo;n&uuml;n 3(o) maddesinin 1. f\u0131kras\u0131nda yasaklanan &uuml;r&uuml;nlerin, yani Konsey T&uuml;z&uuml;\u011f&uuml; Ek XXVI&#39;da listelenen Rusya men\u015feili ve 22 Temmuz 2022 tarihinden sonra Rusya&#39;dan ihra&ccedil; edilen alt\u0131nlar\u0131n dahil edilmesi.<\/p>\n<p style=\"text-align:justify\">22 Temmuz 2022 tarihinde ve sonras\u0131nda AB&#39;ye ithal edilen bu t&uuml;r mallar\u0131n yasak kapsam\u0131na girmemesi i&ccedil;in, ithalat&ccedil;\u0131n\u0131n g&uuml;mr&uuml;\u011fe Rusya&#39;dan &uuml;&ccedil;&uuml;nc&uuml; &uuml;lkeye ihracat\u0131n 22 Temmuz 2022 tarihinden &ouml;nce ger&ccedil;ekle\u015fti\u011fine dair bir kan\u0131t sunmas\u0131 gerekti\u011fi belirtilmi\u015ftir.<\/p>\n<p style=\"text-align:justify\">Bununla birlikte, alt\u0131n tak\u0131n\u0131n yasa\u011fa dahil olup olmad\u0131\u011f\u0131 ve Rusya&#39;ya ve Rusya&#39;dan alt\u0131n tak\u0131larla seyahat edilip edilemeyece\u011fi sorular\u0131na a&ccedil;\u0131kl\u0131k getirilmi\u015ftir. Bu kapsamda, Rusya men\u015feili ve 22 Temmuz 2022 tarihinden sonra Rusya&#39;dan ihra&ccedil; edilen alt\u0131n tak\u0131lar\u0131n do\u011frudan veya dolayl\u0131 olarak AB&rsquo;ye ithalat\u0131, sat\u0131n al\u0131nmas\u0131 veya devredilmesi, Konsey T&uuml;z&uuml;\u011f&uuml;&rsquo;n&uuml;n 3(o) maddesinin 3. F\u0131kras\u0131 uyar\u0131nca yasakt\u0131r ve Konsey T&uuml;z&uuml;\u011f&uuml;&rsquo;n&uuml;n Ek XXVII&rsquo;sinde listelenmi\u015ftir.<\/p>\n<p style=\"text-align:justify\">Ancak yasak, Avrupa Birli\u011fi&#39;ne seyahat eden ger&ccedil;ek ki\u015filerin veya onlarla seyahat eden birinci dereceden ailelerinin &uuml;yelerinin ki\u015fisel kullan\u0131m\u0131 i&ccedil;in alt\u0131n tak\u0131lar, bu ki\u015filere ait oldu\u011fu ve sat\u0131\u015fa y&ouml;nelik olmad\u0131\u011f\u0131 s&uuml;rece ge&ccedil;erli de\u011fildir. Benzer bir muafiyet, Konsey T&uuml;z&uuml;\u011f&uuml;&rsquo;n&uuml;n Ek XVIII&rsquo;inde yer alan l&uuml;ks mallar listesinde yer alan alt\u0131n tak\u0131lar\u0131n ihracat\u0131 i&ccedil;in de ge&ccedil;erlidir.<\/p>\n<p style=\"text-align:justify\">Son olarak, alt\u0131n yasa\u011f\u0131n\u0131n ba\u015fka istisnalar\u0131na de\u011finilmi\u015ftir. Buna g&ouml;re, Rusya&#39;da uluslararas\u0131 hukuka g&ouml;re dokunulmazl\u0131klardan yararlanan diplomatik misyonlar, konsolosluklar veya uluslararas\u0131 kurulu\u015flar\u0131n resmi ama&ccedil;lar\u0131 i&ccedil;in gerekli olan alt\u0131n i&ccedil;in de Konsey T&uuml;z&uuml;\u011f&uuml;&rsquo;n&uuml;n 3(o) maddesindeki yasak uygulanmayacakt\u0131r. &Uuml;ye Devletlerin yetkili makamlar\u0131, Rusya ile resmi k&uuml;lt&uuml;rel i\u015fbirli\u011fi ba\u011flam\u0131nda &ouml;d&uuml;n&ccedil; verilen, k&uuml;lt&uuml;r mallar\u0131 olarak belirlenen alt\u0131n\u0131n transferine veya ithalat\u0131na da izin verebilmektedir. Ge&ccedil;ici olarak ithal edilen bu alt\u0131n k&uuml;lt&uuml;r &uuml;r&uuml;nlerinin yeniden ihracat\u0131, Konsey T&uuml;z&uuml;\u011f&uuml;&rsquo;n&uuml;n 3(h) maddesinin 1 ve 4&#39;&uuml;nc&uuml; f\u0131kralar\u0131 uyar\u0131nca yetkili bir merci taraf\u0131ndan m&uuml;teakip bir ihracat iznine tabi olmal\u0131d\u0131r.<\/p>\n<p style=\"text-align:justify\">\u015eafak Herdem, Esra Temur<\/p>","protected":false},"excerpt":{"rendered":"<p>Avrupa Komisyonu (&ldquo;Komisyon&rdquo;) taraf\u0131ndan, 27 Temmuz 2022 tarihinde Rusya&#39;n\u0131n Ukrayna&#39;ya y&ouml;nelik askeri sald\u0131rganl\u0131\u011f\u0131n\u0131n ard\u0131ndan kabul edilen yapt\u0131r\u0131mlarla ilgili alt\u0131n ithalat &#8230; <a title=\"Avrupa Birli\u011fi Yapt\u0131r\u0131mlar\u0131: Alt\u0131n \u0130thalat Yasa\u011f\u0131 Hakk\u0131nda S\u0131k Sorulan Sorular\" class=\"read-more\" href=\"https:\/\/herdemlaw.com\/tr-tr\/kesfetmek\/avrupa-birligi-yaptirimlari-altin-ithalat-yasagi-hakkinda-sik-sorulan-sorular\/\" aria-label=\"Read more about Avrupa Birli\u011fi Yapt\u0131r\u0131mlar\u0131: Alt\u0131n \u0130thalat Yasa\u011f\u0131 Hakk\u0131nda S\u0131k Sorulan Sorular\">Read more<\/a><\/p>","protected":false},"author":1,"featured_media":7170,"comment_status":"closed","ping_status":"closed","sticky":false,"template":"","format":"standard","meta":{"footnotes":""},"categories":[25],"tags":[],"class_list":["post-2042","post","type-post","status-publish","format-standard","has-post-thumbnail","hentry","category-havacilik","masonry-post","generate-columns","tablet-grid-50","mobile-grid-100","grid-parent","grid-33"],"aioseo_notices":[],"_links":{"self":[{"href":"https:\/\/herdemlaw.com\/tr-tr\/wp-json\/wp\/v2\/posts\/2042","targetHints":{"allow":["GET"]}}],"collection":[{"href":"https:\/\/herdemlaw.com\/tr-tr\/wp-json\/wp\/v2\/posts"}],"about":[{"href":"https:\/\/herdemlaw.com\/tr-tr\/wp-json\/wp\/v2\/types\/post"}],"author":[{"embeddable":true,"href":"https:\/\/herdemlaw.com\/tr-tr\/wp-json\/wp\/v2\/users\/1"}],"replies":[{"embeddable":true,"href":"https:\/\/herdemlaw.com\/tr-tr\/wp-json\/wp\/v2\/comments?post=2042"}],"version-history":[{"count":1,"href":"https:\/\/herdemlaw.com\/tr-tr\/wp-json\/wp\/v2\/posts\/2042\/revisions"}],"predecessor-version":[{"id":7181,"href":"https:\/\/herdemlaw.com\/tr-tr\/wp-json\/wp\/v2\/posts\/2042\/revisions\/7181"}],"wp:featuredmedia":[{"embeddable":true,"href":"https:\/\/herdemlaw.com\/tr-tr\/wp-json\/wp\/v2\/media\/7170"}],"wp:attachment":[{"href":"https:\/\/herdemlaw.com\/tr-tr\/wp-json\/wp\/v2\/media?parent=2042"}],"wp:term":[{"taxonomy":"category","embeddable":true,"href":"https:\/\/herdemlaw.com\/tr-tr\/wp-json\/wp\/v2\/categories?post=2042"},{"taxonomy":"post_tag","embeddable":true,"href":"https:\/\/herdemlaw.com\/tr-tr\/wp-json\/wp\/v2\/tags?post=2042"}],"curies":[{"name":"wp","href":"https:\/\/api.w.org\/{rel}","templated":true}]}}