{"id":2004,"date":"2022-04-27T00:00:00","date_gmt":"2022-04-27T00:00:00","guid":{"rendered":"https:\/\/herdemlaw.com\/?p=2004"},"modified":"2025-04-10T01:36:57","modified_gmt":"2025-04-10T01:36:57","slug":"birlesik-krallik-yaptirimlari-rusya-ve-belarus-menseili-mallara-ek-vergiler","status":"publish","type":"post","link":"https:\/\/herdemlaw.com\/tr-tr\/kesfetmek\/birlesik-krallik-yaptirimlari-rusya-ve-belarus-menseili-mallara-ek-vergiler\/","title":{"rendered":"Birle\u015fik Krall\u0131k Yapt\u0131r\u0131mlar\u0131: Rusya ve Belarus Men\u015feili Mallara Ek Vergiler"},"content":{"rendered":"<p style=\"text-align:justify\">Birle\u015fik Krall\u0131k taraf\u0131ndan, 25 Mart 2022 tarihinde Rusya ve Belarus men\u015feili baz\u0131 mallara getirilen y&uuml;zde 35&#39;lik ek vergilerin kapsam\u0131 21 Nisan 2022 tarihinde geni\u015fletilmi\u015ftir. Birle\u015fik Krall\u0131k H&uuml;k&uuml;meti, Rusya&#39;ya kar\u015f\u0131 ilave ticari yapt\u0131r\u0131mlar ilan ederek, ithalat yasaklar\u0131na maruz kalan &uuml;r&uuml;nlerin listesini geni\u015fletmi\u015f ve g&uuml;mr&uuml;k vergilerini artt\u0131rm\u0131\u015ft\u0131r.<\/p>\n<p style=\"text-align:justify\">Uluslararas\u0131 Ticaret Sekreteri Anne-Marie Trevelyan ve Maliye Bakan\u0131 Rishi Sunak taraf\u0131ndan 21 Nisan 2022 tarihinde a&ccedil;\u0131klanan yeni yapt\u0131r\u0131mlar, g&uuml;m&uuml;\u015f, ah\u015fap &uuml;r&uuml;nler ve havyar da dahil olmak &uuml;zere Rusya&#39;dan y&uuml;ksek kaliteli &uuml;r&uuml;nlere y&ouml;nelik ithalat yasaklar\u0131n\u0131 i&ccedil;ermektedir. Ayr\u0131ca, elmas ve kau&ccedil;uk da dahil olmak &uuml;zere Rusya ve Belarus&#39;tan gelen yakla\u015f\u0131k 130 milyon sterlin de\u011ferindeki &uuml;r&uuml;nlerde g&uuml;mr&uuml;k vergileri y&uuml;zde 35 oran\u0131nda art\u0131r\u0131lm\u0131\u015ft\u0131r.<\/p>\n<p style=\"text-align:justify\">Birle\u015fik Krall\u0131k, Rusya ve Belarus&#39;dan gelen mallar &uuml;zerindeki g&uuml;mr&uuml;k vergilerini art\u0131rarak, bir&ccedil;ok demir ve &ccedil;elik &uuml;r&uuml;n&uuml;n&uuml;n ithalat\u0131n\u0131 ve ayr\u0131ca kuantum teknolojilerinin, geli\u015fmi\u015f malzemelerin ve l&uuml;ks mallar\u0131n ihracat\u0131n\u0131 yasaklayarak Rusya ve Belarus&#39;a herhangi bir yeni Birle\u015fik Krall\u0131k \u0130hracat Finansman\u0131n\u0131 keserek uluslararas\u0131 yapt\u0131r\u0131m &ccedil;abalar\u0131na &ouml;nc&uuml;l&uuml;k etmi\u015ftir.<\/p>\n<p style=\"text-align:justify\">Uluslararas\u0131 Ticaret Sekreteri Anne-Marie Trevelyan taraf\u0131ndan yap\u0131lan a&ccedil;\u0131klamada Putin rejimine maksimum zarar vermek i&ccedil;in uluslararas\u0131 ortaklar\u0131 ile yak\u0131n bir \u015fekilde &ccedil;al\u0131\u015ft\u0131klar\u0131 ve bu yasad\u0131\u015f\u0131 sava\u015f\u0131 y&uuml;r&uuml;tmek i&ccedil;in ihtiya&ccedil; duydu\u011fu kaynaklar\u0131 ve fonlar\u0131 azaltt\u0131klar\u0131 belirtilirken, Maliye Bakan\u0131 Rishi Sunak taraf\u0131ndan Putin&#39;e kar\u015f\u0131 bu yeni &ouml;nemli yapt\u0131r\u0131mlar\u0131n, Rus mallar\u0131 &uuml;zerindeki toplam ithalat tarifelerini ve yasaklar\u0131n\u0131 1 milyar sterlinin &uuml;zerine &ccedil;\u0131karaca\u011f\u0131 a&ccedil;\u0131klanm\u0131\u015ft\u0131r.<\/p>\n<p style=\"text-align:justify\">Bununla birlikte, Rusya ve Belarus men\u015feili, Rus veya Belarus ihracat formalitelerini tamamlay\u0131p 25 Mart 2022&#39;den &ouml;nce bu b&ouml;lgelerden ayr\u0131lan mallar i&ccedil;in bir muafiyet bulunmaktad\u0131r. Bu muafiyet, 25 Mart 2022&#39;de ek vergi uygulanan mallarla ilgilidir.<\/p>\n<p style=\"text-align:justify\">Bu kapsamda, Majestelerinin Gelir ve G&uuml;mr&uuml;k \u0130daresi (&quot;HMRC&quot;) s\u0131n\u0131r beyan sistemleri, \u0130thalat ve \u0130hracat Navlunlar\u0131n\u0131n G&uuml;mr&uuml;klerdeki \u0130\u015flemleri (&quot;CHIEF&quot;) ve G&uuml;mr&uuml;k Deklerasyonu Hizmeti (&quot;CDS&quot;) g&uuml;ncellenmi\u015ftir. B&ouml;ylece tacirler, mallar\u0131n\u0131n Birle\u015fik Krall\u0131k yolundaki mallar i&ccedil;in muafiyet i&ccedil;in uygun oldu\u011funu beyan edebileceklerdir. Bu, vergi y&uuml;k&uuml;ml&uuml;l&uuml;\u011f&uuml;n&uuml;n hesaplanmas\u0131n\u0131 do\u011frudan etkileyecektir.<\/p>\n<p style=\"text-align:justify\">Ayr\u0131ca, mallar\u0131n ihracat formalitelerini tamamlad\u0131\u011f\u0131na ve 25 Mart 2022 tarihinden den &ouml;nce Rusya ve Belarus topraklar\u0131ndan ayr\u0131ld\u0131\u011f\u0131na dair uygun kan\u0131t sa\u011flanmas\u0131 gerekmekte olup i\u015fbu kan\u0131tlar mallar\u0131n Rusya veya Belarus&#39;tan ayr\u0131ld\u0131\u011f\u0131n\u0131 g&ouml;steren bir kon\u015fimento veya e\u015fde\u011fer ticari belgeler ya da mallar\u0131n ba\u015fka &uuml;lkelerin g&uuml;mr&uuml;k prosed&uuml;rlerine veya b&ouml;lgelerine girdi\u011fini g&ouml;steren belgeler olabilecektir.<\/p>\n<p style=\"text-align:justify\">\u015eafak Herdem, Esra Temur<\/p>","protected":false},"excerpt":{"rendered":"<p>Birle\u015fik Krall\u0131k taraf\u0131ndan, 25 Mart 2022 tarihinde Rusya ve Belarus men\u015feili baz\u0131 mallara getirilen y&uuml;zde 35&#39;lik ek vergilerin kapsam\u0131 21 &#8230; <a title=\"Birle\u015fik Krall\u0131k Yapt\u0131r\u0131mlar\u0131: Rusya ve Belarus Men\u015feili Mallara Ek Vergiler\" class=\"read-more\" href=\"https:\/\/herdemlaw.com\/tr-tr\/kesfetmek\/birlesik-krallik-yaptirimlari-rusya-ve-belarus-menseili-mallara-ek-vergiler\/\" aria-label=\"Read more about Birle\u015fik Krall\u0131k Yapt\u0131r\u0131mlar\u0131: Rusya ve Belarus Men\u015feili Mallara Ek Vergiler\">Read more<\/a><\/p>","protected":false},"author":1,"featured_media":7270,"comment_status":"closed","ping_status":"closed","sticky":false,"template":"","format":"standard","meta":{"footnotes":""},"categories":[25],"tags":[],"class_list":["post-2004","post","type-post","status-publish","format-standard","has-post-thumbnail","hentry","category-havacilik","masonry-post","generate-columns","tablet-grid-50","mobile-grid-100","grid-parent","grid-33"],"aioseo_notices":[],"_links":{"self":[{"href":"https:\/\/herdemlaw.com\/tr-tr\/wp-json\/wp\/v2\/posts\/2004","targetHints":{"allow":["GET"]}}],"collection":[{"href":"https:\/\/herdemlaw.com\/tr-tr\/wp-json\/wp\/v2\/posts"}],"about":[{"href":"https:\/\/herdemlaw.com\/tr-tr\/wp-json\/wp\/v2\/types\/post"}],"author":[{"embeddable":true,"href":"https:\/\/herdemlaw.com\/tr-tr\/wp-json\/wp\/v2\/users\/1"}],"replies":[{"embeddable":true,"href":"https:\/\/herdemlaw.com\/tr-tr\/wp-json\/wp\/v2\/comments?post=2004"}],"version-history":[{"count":1,"href":"https:\/\/herdemlaw.com\/tr-tr\/wp-json\/wp\/v2\/posts\/2004\/revisions"}],"predecessor-version":[{"id":7280,"href":"https:\/\/herdemlaw.com\/tr-tr\/wp-json\/wp\/v2\/posts\/2004\/revisions\/7280"}],"wp:featuredmedia":[{"embeddable":true,"href":"https:\/\/herdemlaw.com\/tr-tr\/wp-json\/wp\/v2\/media\/7270"}],"wp:attachment":[{"href":"https:\/\/herdemlaw.com\/tr-tr\/wp-json\/wp\/v2\/media?parent=2004"}],"wp:term":[{"taxonomy":"category","embeddable":true,"href":"https:\/\/herdemlaw.com\/tr-tr\/wp-json\/wp\/v2\/categories?post=2004"},{"taxonomy":"post_tag","embeddable":true,"href":"https:\/\/herdemlaw.com\/tr-tr\/wp-json\/wp\/v2\/tags?post=2004"}],"curies":[{"name":"wp","href":"https:\/\/api.w.org\/{rel}","templated":true}]}}