{"id":1942,"date":"2021-09-27T00:00:00","date_gmt":"2021-09-27T00:00:00","guid":{"rendered":"https:\/\/herdemlaw.com\/?p=1942"},"modified":"2025-04-07T08:46:13","modified_gmt":"2025-04-07T08:46:13","slug":"abd-sanayi-ve-guvenlik-burosundan-yari-iletken-tedarik-zincirindeki-riskler-hakkinda-kamu-gorusu-talebi-bildirisi","status":"publish","type":"post","link":"https:\/\/herdemlaw.com\/tr-tr\/kesfetmek\/abd-sanayi-ve-guvenlik-burosundan-yari-iletken-tedarik-zincirindeki-riskler-hakkinda-kamu-gorusu-talebi-bildirisi\/","title":{"rendered":"ABD Sanayi ve G\u00fcvenlik B\u00fcrosu\u2019ndan Yar\u0131 \u0130letken Tedarik Zincirindeki Riskler Hakk\u0131nda Kamu G\u00f6r\u00fc\u015f\u00fc Talebi Bildirisi"},"content":{"rendered":"<p style=\"text-align:justify\">ABD Sanayi ve G&uuml;venlik B&uuml;rosu (&ldquo;BIS&rdquo;) taraf\u0131ndan, 24 Eyl&uuml;l 2021 tarihinde, Yar\u0131 \u0130letken Tedarik Zincirindeki Riskler Hakk\u0131nda Kamu G&ouml;r&uuml;\u015f&uuml; Talebi Bildirisi (&ldquo;Bildiri&rdquo;) yay\u0131mlanm\u0131\u015ft\u0131r.<\/p>\n<p style=\"text-align:justify\">Bildiri &rsquo;de a&ccedil;\u0131klanana g&ouml;re, 24 \u015eubat 2021 tarihinde, Amerika&#39;n\u0131n tedarik zincirlerini g&uuml;vence alt\u0131na almak ve g&uuml;&ccedil;lendirmek amac\u0131yla &ccedil;e\u015fitli devlet m&uuml;essesesi icraatlar\u0131n\u0131 y&ouml;nlendiren Amerika&#39;n\u0131n Tedarik Zincirleri hakk\u0131nda 14017 say\u0131l\u0131 Ba\u015fkanl\u0131k Emri yay\u0131mlanm\u0131\u015ft\u0131r. Bu kapsamda BIS, Ticaret Bakanl\u0131\u011f\u0131&rsquo;n\u0131n (&ldquo;Bakanl\u0131k&rdquo;) 14017 say\u0131l\u0131 Ba\u015fkanl\u0131k Emri uyar\u0131nca zorunlu k\u0131l\u0131nan yar\u0131 iletkenler ve ileri d&uuml;zey paketlemeye ili\u015fkin Bakanl\u0131\u011f\u0131n 100 G&uuml;nl&uuml;k Tedarik Zinciri \u0130ncelemesi &rsquo;ne (&ldquo;\u0130nceleme&rdquo;) &ouml;nc&uuml;l&uuml;k etmi\u015ftir.<\/p>\n<p style=\"text-align:justify\">Beyaz Saray Raporu&rsquo;nda &ldquo;Dayan\u0131kl\u0131 Tedarik Zincirleri \u0130n\u015fa Etmek, Amerikan \u0130malat\u0131n\u0131 Yeniden Canland\u0131rmak ve Geni\u015f Tabanl\u0131 B&uuml;y&uuml;meyi Te\u015fvik Etmek&rdquo; \u015feklinde yer alan bu \u0130nceleme ile, &ccedil;ok say\u0131da tedarik zinciri g&uuml;venlik a&ccedil;\u0131\u011f\u0131 alan\u0131 belirlenmi\u015ftir. Haziran 2021&rsquo;de yay\u0131mlanan \u0130nceleme, ABD&#39;li i\u015f&ccedil;ilere, topluluklara ve teknolojik geli\u015fmelere yat\u0131r\u0131m yaparak tedarik zinciri a&ccedil;\u0131klar\u0131n\u0131 kapatmak i&ccedil;in bir &ccedil;er&ccedil;eve ortaya koymaktad\u0131r. Bununla birlikte \u0130nceleme, mevcut bo\u015fluklar\u0131 saptama ve izleme kapasitesi ile gelecekteki g&uuml;venlik a&ccedil;\u0131klar\u0131n\u0131 belirlemek i&ccedil;in diren&ccedil; testleri y&uuml;r&uuml;tme kapasitesini, tedarik zinciri dayan\u0131kl\u0131l\u0131\u011f\u0131 konusunda hem firma d&uuml;zeyinde hem de ulusal d&uuml;zeyde en iyi uygulamalara ili\u015fkin uygulamal\u0131 ara\u015ft\u0131rmalar\u0131 desteklemek i&ccedil;in finansman ve dayan\u0131kl\u0131l\u0131kta &ouml;zel sekt&ouml;r yat\u0131r\u0131mlar\u0131n\u0131 ileriye ta\u015f\u0131mak i&ccedil;in hibeler ve krediler dahil finansal ara&ccedil;lar\u0131, &ouml;zel pazar\u0131n k\u0131sa vadeli maliyet kontrol&uuml;ne a\u015f\u0131r\u0131 yat\u0131r\u0131m ve dayan\u0131kl\u0131l\u0131\u011fa yetersiz yat\u0131r\u0131m yapma e\u011filimine kar\u015f\u0131 koymay\u0131 i&ccedil;ermektedir.<\/p>\n<p style=\"text-align:justify\">\u0130nceleme, devam eden yar\u0131 iletken &uuml;r&uuml;n k\u0131tl\u0131\u011f\u0131n\u0131n, &ccedil;ok &ccedil;e\u015fitli sanayi sekt&ouml;rleri &uuml;zerinde olumsuz bir etki yaratt\u0131\u011f\u0131n\u0131 vurgulamakla birlikte, yerli yar\u0131 iletken &uuml;retim ekosistemini g&uuml;&ccedil;lendirmek ve ABD liderli\u011fini te\u015fvik etmek gibi daha uzun vadeli hedeflere ek olarak, mevcut yar\u0131 iletken k\u0131tl\u0131\u011f\u0131n\u0131 gidermek i&ccedil;in yar\u0131 iletken &uuml;reticileri ve tedarik&ccedil;ileri ve son kullan\u0131c\u0131lar aras\u0131ndaki bilgi ak\u0131\u015f\u0131n\u0131 kolayla\u015ft\u0131rmak i&ccedil;in Bakanl\u0131\u011f\u0131 end&uuml;stri ile ortak olmaya &ccedil;a\u011f\u0131rm\u0131\u015ft\u0131r.<\/p>\n<p style=\"text-align:justify\">BIS taraf\u0131ndan yay\u0131mlanan Bildiri ile, tedarik zincirinin &ccedil;e\u015fitli sekt&ouml;rleri aras\u0131nda bilgi ak\u0131\u015f\u0131n\u0131 kolayla\u015ft\u0131rmak, tedarik zincirindeki veri bo\u015fluklar\u0131n\u0131, &uuml;retim sistemindeki en zay\u0131f halkay\u0131 ve potansiyel istikrars\u0131z talep ekonomik g&ouml;stergelerini belirlemek amac\u0131yla Bakanl\u0131\u011f\u0131n, Bildiri&rsquo;de belirtilen sorulara y&ouml;nelik ilgili taraflar\u0131n yan\u0131tlar\u0131n\u0131 arad\u0131\u011f\u0131 belirtilmi\u015ftir. \u0130lgili taraflara ise, yerli ve yabanc\u0131 yar\u0131 iletken tasar\u0131m firmalar\u0131, yar\u0131 iletken &uuml;reticileri, malzeme ve ekipman tedarik&ccedil;ileri ile yar\u0131 iletken ara ve son kullan\u0131c\u0131lar\u0131 da dahil edilmi\u015f ve ilgili taraflar, yaz\u0131l\u0131 yorumlar\u0131, verileri, analizleri veya bilgileri en ge&ccedil; 8 Kas\u0131m 2021 tarihine kadar BIS&#39;in Teknoloji De\u011ferlendirme Ofisi&rsquo;ne sunmaya davet edilmi\u015ftir. Bakanl\u0131k taraf\u0131ndan, t&uuml;m ilgili taraflardan bilgi beklendi\u011fi, ancak &ouml;zellikle yar\u0131 iletken &uuml;r&uuml;n tedarik zincirine herhangi bir d&uuml;zeyde aktif olarak kat\u0131lan yabanc\u0131 ve yerli kurulu\u015flardan bilgi almakla ilgilenildi\u011fi a&ccedil;\u0131klanm\u0131\u015ft\u0131r.<\/p>\n<p style=\"text-align:justify\">Son olarak Bildiri&rsquo;de, Bakanl\u0131k taraf\u0131ndan, &ouml;zellikle yar\u0131 iletken &uuml;r&uuml;n tasar\u0131m\u0131, &ouml;n ve arka u&ccedil; &uuml;reticileri ve mikro elektronik montajc\u0131lar\u0131 ve bunlar\u0131n tedarik&ccedil;ileri ve distrib&uuml;t&ouml;rlerinden istenen bilgi ve veriler ile yar\u0131 iletken &uuml;r&uuml;nlerin veya entegre devrelerin ara\/son kullan\u0131c\u0131lar\u0131 i&ccedil;in sorular s\u0131ralanm\u0131\u015ft\u0131r.<\/p>\n<p style=\"text-align:justify\">\u015eafak Herdem, Esra Temur<\/p>\n<p style=\"text-align:justify\">&nbsp;<\/p>\n<p style=\"text-align:justify\">&nbsp;<\/p>","protected":false},"excerpt":{"rendered":"<p>ABD Sanayi ve G&uuml;venlik B&uuml;rosu (&ldquo;BIS&rdquo;) taraf\u0131ndan, 24 Eyl&uuml;l 2021 tarihinde, Yar\u0131 \u0130letken Tedarik Zincirindeki Riskler Hakk\u0131nda Kamu G&ouml;r&uuml;\u015f&uuml; Talebi &#8230; <a title=\"ABD Sanayi ve G\u00fcvenlik B\u00fcrosu\u2019ndan Yar\u0131 \u0130letken Tedarik Zincirindeki Riskler Hakk\u0131nda Kamu G\u00f6r\u00fc\u015f\u00fc Talebi Bildirisi\" class=\"read-more\" href=\"https:\/\/herdemlaw.com\/tr-tr\/kesfetmek\/abd-sanayi-ve-guvenlik-burosundan-yari-iletken-tedarik-zincirindeki-riskler-hakkinda-kamu-gorusu-talebi-bildirisi\/\" aria-label=\"Read more about ABD Sanayi ve G\u00fcvenlik B\u00fcrosu\u2019ndan Yar\u0131 \u0130letken Tedarik Zincirindeki Riskler Hakk\u0131nda Kamu G\u00f6r\u00fc\u015f\u00fc Talebi Bildirisi\">Read more<\/a><\/p>","protected":false},"author":1,"featured_media":7377,"comment_status":"closed","ping_status":"closed","sticky":false,"template":"","format":"standard","meta":{"footnotes":""},"categories":[27],"tags":[],"class_list":["post-1942","post","type-post","status-publish","format-standard","has-post-thumbnail","hentry","category-gelisen-teknoloji","masonry-post","generate-columns","tablet-grid-50","mobile-grid-100","grid-parent","grid-33"],"aioseo_notices":[],"_links":{"self":[{"href":"https:\/\/herdemlaw.com\/tr-tr\/wp-json\/wp\/v2\/posts\/1942","targetHints":{"allow":["GET"]}}],"collection":[{"href":"https:\/\/herdemlaw.com\/tr-tr\/wp-json\/wp\/v2\/posts"}],"about":[{"href":"https:\/\/herdemlaw.com\/tr-tr\/wp-json\/wp\/v2\/types\/post"}],"author":[{"embeddable":true,"href":"https:\/\/herdemlaw.com\/tr-tr\/wp-json\/wp\/v2\/users\/1"}],"replies":[{"embeddable":true,"href":"https:\/\/herdemlaw.com\/tr-tr\/wp-json\/wp\/v2\/comments?post=1942"}],"version-history":[{"count":1,"href":"https:\/\/herdemlaw.com\/tr-tr\/wp-json\/wp\/v2\/posts\/1942\/revisions"}],"predecessor-version":[{"id":7382,"href":"https:\/\/herdemlaw.com\/tr-tr\/wp-json\/wp\/v2\/posts\/1942\/revisions\/7382"}],"wp:featuredmedia":[{"embeddable":true,"href":"https:\/\/herdemlaw.com\/tr-tr\/wp-json\/wp\/v2\/media\/7377"}],"wp:attachment":[{"href":"https:\/\/herdemlaw.com\/tr-tr\/wp-json\/wp\/v2\/media?parent=1942"}],"wp:term":[{"taxonomy":"category","embeddable":true,"href":"https:\/\/herdemlaw.com\/tr-tr\/wp-json\/wp\/v2\/categories?post=1942"},{"taxonomy":"post_tag","embeddable":true,"href":"https:\/\/herdemlaw.com\/tr-tr\/wp-json\/wp\/v2\/tags?post=1942"}],"curies":[{"name":"wp","href":"https:\/\/api.w.org\/{rel}","templated":true}]}}