{"id":1860,"date":"2021-05-25T00:00:00","date_gmt":"2021-05-25T00:00:00","guid":{"rendered":"https:\/\/herdemlaw.com\/?p=1860"},"modified":"2025-04-07T09:47:35","modified_gmt":"2025-04-07T09:47:35","slug":"guncel-yaptirim-kararlari-mayis-iii-haftasi","status":"publish","type":"post","link":"https:\/\/herdemlaw.com\/tr-tr\/kesfetmek\/guncel-yaptirim-kararlari-mayis-iii-haftasi\/","title":{"rendered":"G\u00fcncel Yapt\u0131r\u0131m Kararlar\u0131: May\u0131s III Haftas\u0131"},"content":{"rendered":"<p style=\"text-align:justify\"><strong>Hong Kong<\/strong><\/p>\n<p style=\"text-align:justify\">ABD Hazine Bakanl\u0131\u011f\u0131 Yabanc\u0131 Varl\u0131klar\u0131 Kontrol Ofisi (&ldquo;OFAC&rdquo;), Hong Kong &Ouml;zerklik Yasas\u0131 (&ldquo;HKAA&rdquo;) kapsam\u0131nda yeni bir rapor yay\u0131mlam\u0131\u015ft\u0131r. Rapora g&ouml;re OFAC, Ekim 2020 ve Mart 2021&#39;de ABD D\u0131\u015fi\u015fleri Bakanl\u0131\u011f\u0131 taraf\u0131ndan belirlenen 34 ki\u015fiden herhangi biriyle bilerek &quot;belirgin i\u015flemler&quot; ger&ccedil;ekle\u015ftiren herhangi bir finansal kurum tespit edememi\u015ftir. Mevcut durumda, ikincil bir yapt\u0131r\u0131m bulunmamaktad\u0131r.<\/p>\n<p style=\"text-align:justify\"><strong>&Ccedil;in<\/strong><\/p>\n<p style=\"text-align:justify\">OFAC, 13959 say\u0131l\u0131 Ba\u015fkanl\u0131k Emri uyar\u0131nca 1A say\u0131l\u0131 genel lisans\u0131, adlar\u0131 &ouml;nceden belirlenmi\u015f bir Kom&uuml;nist &Ccedil;in askeri \u015firketinin ad\u0131yla &quot;yak\u0131ndan e\u015fle\u015fen&quot; \u015firketlerin halka a&ccedil;\u0131k menkul k\u0131ymetlerinde 11 Haziran 2021 tarihine kadar i\u015flem yapmaya devam etmesine izin veren yeni 1B say\u0131l\u0131 genel lisans ile de\u011fi\u015ftirmi\u015ftir. Bununla birlikte, AB Parlamentosu, &Ccedil;in taraf\u0131ndan AB vatanda\u015flar\u0131na y&ouml;nelik yapt\u0131r\u0131mlar kalkana kadar, AB-&Ccedil;in Kapsaml\u0131 Yat\u0131r\u0131m Anla\u015fmas\u0131n\u0131n daha fazla de\u011ferlendirilmesine veya onaylanmas\u0131na kar\u015f\u0131 &ccedil;\u0131kan bir karar lehinde oy kullanm\u0131\u015ft\u0131r.<\/p>\n<p style=\"text-align:justify\"><strong>Myanmar <\/strong><\/p>\n<p style=\"text-align:justify\">OFAC, Myanmar Devlet \u0130dare Konseyi&#39;ni ve Myanmar&#39;daki 16 ger&ccedil;ek ki\u015fiyi, SDN listesi kapsam\u0131na alm\u0131\u015ft\u0131r. Bu arada Birle\u015fik Krall\u0131k, Myanmar Gems Enterprise ve Kanada, Myanmar&#39;daki 16 ger&ccedil;ek ki\u015fi ve 10 te\u015febb&uuml;s aleyhine yapt\u0131r\u0131m karar\u0131 a&ccedil;\u0131klam\u0131\u015ft\u0131r.<\/p>\n<p style=\"text-align:justify\"><strong>AB&nbsp;ve ABD<\/strong><\/p>\n<p style=\"text-align:justify\">ABD D\u0131\u015fi\u015fleri Bakanl\u0131\u011f\u0131, Nord Stream 2 AG \u015firketine, \u015firketin CEO&#39;suna ve \u015firket yetkililerine kar\u015f\u0131 a&ccedil;\u0131klanan Avrupa&#39;n\u0131n Enerji G&uuml;venli\u011fini Koruma Yasas\u0131 kapsam\u0131ndaki ikincil yapt\u0131r\u0131mlardan feragat edece\u011fini duyurmu\u015ftur. Ayn\u0131 zamanda, D\u0131\u015fi\u015fleri Bakanl\u0131\u011f\u0131, Nord Stream 2 boru hatt\u0131n\u0131n yap\u0131m\u0131nda yer alan 4 te\u015febb&uuml;s ve 13 gemi aleyhine ikincil yapt\u0131r\u0131mlar uygulad\u0131\u011f\u0131n\u0131 a&ccedil;\u0131klam\u0131\u015ft\u0131r. OFAC, yak\u0131n zamanda olu\u015fturdu\u011fu SDN Olmayan Men&uuml;ye Dayal\u0131 Yapt\u0131r\u0131mlar Listesine bahsi ge&ccedil;en hedef te\u015febb&uuml;sleri ve gemileri eklemi\u015ftir.<\/p>\n<p style=\"text-align:justify\">\u015eafak Herdem, Ezgi Ceren Aydo\u011fmu\u015f<\/p>\n<pre style=\"text-align:justify\">\n\n&nbsp;<\/pre>\n<p style=\"text-align:justify\">&nbsp;<\/p>","protected":false},"excerpt":{"rendered":"<p>Hong Kong ABD Hazine Bakanl\u0131\u011f\u0131 Yabanc\u0131 Varl\u0131klar\u0131 Kontrol Ofisi (&ldquo;OFAC&rdquo;), Hong Kong &Ouml;zerklik Yasas\u0131 (&ldquo;HKAA&rdquo;) kapsam\u0131nda yeni bir rapor yay\u0131mlam\u0131\u015ft\u0131r. &#8230; <a title=\"G\u00fcncel Yapt\u0131r\u0131m Kararlar\u0131: May\u0131s III Haftas\u0131\" class=\"read-more\" href=\"https:\/\/herdemlaw.com\/tr-tr\/kesfetmek\/guncel-yaptirim-kararlari-mayis-iii-haftasi\/\" aria-label=\"Read more about G\u00fcncel Yapt\u0131r\u0131m Kararlar\u0131: May\u0131s III Haftas\u0131\">Read more<\/a><\/p>","protected":false},"author":1,"featured_media":7462,"comment_status":"closed","ping_status":"closed","sticky":false,"template":"","format":"standard","meta":{"footnotes":""},"categories":[23],"tags":[],"class_list":["post-1860","post","type-post","status-publish","format-standard","has-post-thumbnail","hentry","category-uluslararasi-ticaret","masonry-post","generate-columns","tablet-grid-50","mobile-grid-100","grid-parent","grid-33"],"aioseo_notices":[],"_links":{"self":[{"href":"https:\/\/herdemlaw.com\/tr-tr\/wp-json\/wp\/v2\/posts\/1860","targetHints":{"allow":["GET"]}}],"collection":[{"href":"https:\/\/herdemlaw.com\/tr-tr\/wp-json\/wp\/v2\/posts"}],"about":[{"href":"https:\/\/herdemlaw.com\/tr-tr\/wp-json\/wp\/v2\/types\/post"}],"author":[{"embeddable":true,"href":"https:\/\/herdemlaw.com\/tr-tr\/wp-json\/wp\/v2\/users\/1"}],"replies":[{"embeddable":true,"href":"https:\/\/herdemlaw.com\/tr-tr\/wp-json\/wp\/v2\/comments?post=1860"}],"version-history":[{"count":1,"href":"https:\/\/herdemlaw.com\/tr-tr\/wp-json\/wp\/v2\/posts\/1860\/revisions"}],"predecessor-version":[{"id":7467,"href":"https:\/\/herdemlaw.com\/tr-tr\/wp-json\/wp\/v2\/posts\/1860\/revisions\/7467"}],"wp:featuredmedia":[{"embeddable":true,"href":"https:\/\/herdemlaw.com\/tr-tr\/wp-json\/wp\/v2\/media\/7462"}],"wp:attachment":[{"href":"https:\/\/herdemlaw.com\/tr-tr\/wp-json\/wp\/v2\/media?parent=1860"}],"wp:term":[{"taxonomy":"category","embeddable":true,"href":"https:\/\/herdemlaw.com\/tr-tr\/wp-json\/wp\/v2\/categories?post=1860"},{"taxonomy":"post_tag","embeddable":true,"href":"https:\/\/herdemlaw.com\/tr-tr\/wp-json\/wp\/v2\/tags?post=1860"}],"curies":[{"name":"wp","href":"https:\/\/api.w.org\/{rel}","templated":true}]}}