{"id":1781,"date":"2020-10-08T00:00:00","date_gmt":"2020-10-08T00:00:00","guid":{"rendered":"https:\/\/herdemlaw.com\/?p=1781"},"modified":"2025-04-07T10:44:27","modified_gmt":"2025-04-07T10:44:27","slug":"covid-19-abd-havayolu-sektoru-ve-calisanlarina-destekler-uzatiliyor","status":"publish","type":"post","link":"https:\/\/herdemlaw.com\/tr-tr\/kesfetmek\/covid-19-abd-havayolu-sektoru-ve-calisanlarina-destekler-uzatiliyor\/","title":{"rendered":"COVID 19: ABD Havayolu Sekt\u00f6r\u00fc ve \u00c7al\u0131\u015fanlar\u0131na Destekler Uzat\u0131l\u0131yor"},"content":{"rendered":"<p style=\"text-align:justify\">Amerika Birle\u015fik Devletleri&rsquo;nce COVID-19 salg\u0131n\u0131 ile havayolu seyahatlerinin d&uuml;\u015fmesinin havac\u0131l\u0131k sekt&ouml;r&uuml;ne olumsuz etkilerini azaltmak amac\u0131yla sa\u011flad\u0131\u011f\u0131 Bordro Destek Program\u0131n\u0131n havac\u0131l\u0131k sekt&ouml;r&uuml;ndeki istihdam\u0131n korunmas\u0131 amac\u0131yla Mart 2021&rsquo;e kadar uzat\u0131lmas\u0131n\u0131 &ouml;ng&ouml;ren 2020 Hava Ta\u015f\u0131mac\u0131l\u0131\u011f\u0131 &Ccedil;al\u0131\u015fan Deste\u011fi Uzatma Yasa Tasar\u0131s\u0131 (&ldquo;Tasar\u0131&rdquo;) 30 Eyl&uuml;l 2020 tarihinde duyuruldu ve 1 Ekim 2020 tarihinde Kongre&rsquo;ye sunuldu.<\/p>\n<p style=\"text-align:justify\">Tasar\u0131 uyar\u0131nca havac\u0131l\u0131k sekt&ouml;r&uuml;n&uuml; korumak ve hava ta\u015f\u0131mac\u0131l\u0131\u011f\u0131 end&uuml;strisi &ccedil;al\u0131\u015fanlar\u0131n\u0131n maa\u015f ve destek &ouml;demelerinin devaml\u0131l\u0131\u011f\u0131n\u0131 sa\u011flamak amac\u0131yla havayolu firmalar\u0131na toplam $25,500,000,000, hava kargo firmalar\u0131na toplam $300,000,000 ve havac\u0131l\u0131k end&uuml;strisindeki di\u011fer y&uuml;klenicilere toplam $3,000,000,000 mali destek sa\u011flanacakt\u0131r.<\/p>\n<p style=\"text-align:justify\">Tasar\u0131 kapsam\u0131nda mali yard\u0131mdan faydalan\u0131labilmesi i&ccedil;in mali yard\u0131m\u0131 alacak hava yolu \u015firketlerinin veya m&uuml;teahhitlerinin;<\/p>\n<p style=\"text-align:justify\">&bull; 31 Mart 2021 tarihine kadar &ccedil;al\u0131\u015fanlar\u0131n\u0131 zorunlu &uuml;cretsiz izne g&ouml;ndermekten, personel maa\u015f &ouml;deme ve yard\u0131mlar\u0131n\u0131 d&uuml;\u015f&uuml;rmekten ka&ccedil;\u0131naca\u011f\u0131n\u0131;<\/p>\n<p style=\"text-align:justify\">&bull; Hava yolu \u015firketinin veya y&uuml;klenicilerin veya bunlar\u0131n ba\u011fl\u0131 \u015firketlerinin, 31 Mart 2022 tarihine kadar hi&ccedil;bir \u015fekilde, ana \u015firketlerinin ulusal menkul k\u0131ymetler borsas\u0131nda listelenen hisse senetlerini sat\u0131n almayacaklar\u0131n\u0131;<\/p>\n<p style=\"text-align:justify\">&bull; 31 Mart 2022 tarihine kadar, adi hisse senedi (veya e\u015f de\u011ferleri) bak\u0131m\u0131ndan k&acirc;r pay\u0131 da\u011f\u0131t\u0131m\u0131 veya ba\u015fka sermaye da\u011f\u0131t\u0131mlar\u0131 yapmayaca\u011f\u0131n\u0131 taahh&uuml;t etmeleri; ve<\/p>\n<p style=\"text-align:justify\">&bull; Tasar\u0131da &ouml;ng&ouml;r&uuml;len toplu i\u015f s&ouml;zle\u015fmelerinin korunmas\u0131 ve tazminat s\u0131n\u0131rlamalar\u0131 ile ilgili gereksinimleri kar\u015f\u0131lamalar\u0131 gerekmektedir.<\/p>\n<p style=\"text-align:justify\">Ula\u015ft\u0131rma Bakan\u0131, makul ve uygulanabilir oldu\u011fu kapsamda, Ula\u015ft\u0131rma Bakanl\u0131\u011f\u0131n&rsquo;\u0131n gerekli g&ouml;rd&uuml;\u011f&uuml; \u015fekilde, tarifeli hava ta\u015f\u0131mac\u0131l\u0131\u011f\u0131 hizmetini s&uuml;rd&uuml;rmek amac\u0131yla bir hava yolu \u015firketinin 1 Mart 2020&rsquo;den &ouml;nce hizmet verdi\u011fi herhangi bir noktaya hizmet sa\u011flayabilmesi i&ccedil;in mali yard\u0131m talep etmeye yetkilidir. Ula\u015ft\u0131rma Bakan\u0131 bu yetkinin kullan\u0131l\u0131p kullan\u0131lmayaca\u011f\u0131n\u0131 de\u011ferlendirirken topluluklar\u0131n hava ta\u015f\u0131mac\u0131l\u0131\u011f\u0131na ihtiya&ccedil;lar\u0131 ve t\u0131bbi cihazlar, malzemeler, ila&ccedil;lar dahil iyi i\u015fleyen sa\u011fl\u0131k hizmetlerinin tedarik zincirinin dikkate al\u0131naca\u011f\u0131 d&uuml;zenlenmi\u015ftir. Bu kapsamda sa\u011flanan yetki 1 Nisan 2022&rsquo;de sona erecek ve Ula\u015ft\u0131rma Bakan\u0131 taraf\u0131ndan yay\u0131nlanan t&uuml;m gereksinimler bu tarihten sonra ge&ccedil;erlili\u011fini yitirecektir.<\/p>\n<p style=\"text-align:justify\">A.B.D Hazine Bakanl\u0131\u011f\u0131 taraf\u0131ndan ise Tasar\u0131n\u0131n kanunla\u015fmas\u0131n\u0131 takiben en ge&ccedil; 5 g&uuml;n i&ccedil;inde hava yolu \u015firketlerinin ve y&uuml;klenicilerinin mali yard\u0131m taleplerini sunmalar\u0131 i&ccedil;in geli\u015ftirilmi\u015f ve h\u0131zland\u0131r\u0131lm\u0131\u015f prosed&uuml;rler yay\u0131mlamas\u0131 &ouml;ng&ouml;r&uuml;lmekle en ge&ccedil; 10 g&uuml;n i&ccedil;erisinde ise onayl\u0131 mali yard\u0131m taleplerini sunan hava yolu \u015firketlerine ve y&uuml;klenicilere ilk &ouml;demelerin yap\u0131lmas\u0131 d&uuml;zenlenmi\u015ftir. &nbsp;\u0130lk mali yard\u0131m &ouml;demelerini sa\u011flad\u0131ktan sonra kalan fonlardan mali yard\u0131m i&ccedil;in onaylanm\u0131\u015f talepleri olan hava yolu \u015firketlerine ve y&uuml;klenicilere &ouml;demelerin zaman\u0131nda da\u011f\u0131t\u0131lmas\u0131 i&ccedil;in uygun bir y&ouml;ntem belirlenece\u011fi d&uuml;zenlenmi\u015ftir.&nbsp;<\/p>\n<p style=\"text-align:justify\">&nbsp;<\/p>\n<p style=\"text-align:justify\">\u015eafak Herdem<\/p>\n<p style=\"text-align:justify\">&nbsp;<\/p>","protected":false},"excerpt":{"rendered":"<p>Amerika Birle\u015fik Devletleri\u2019nce COVID-19 salg\u0131n\u0131 ile havayolu seyahatlerinin d\u00fc\u015fmesinin havac\u0131l\u0131k sekt\u00f6r\u00fcne olumsuz etkilerini azaltmak amac\u0131yla sa\u011flad\u0131\u011f\u0131 Bordro Destek Program\u0131n\u0131n havac\u0131l\u0131k sekt\u00f6r\u00fcndeki istihdam\u0131n korunmas\u0131 amac\u0131yla Mart 2021\u2019e kadar uzat\u0131lmas\u0131n\u0131 \u00f6ng\u00f6ren 2020 Hava Ta\u015f\u0131mac\u0131l\u0131\u011f\u0131 \u00c7al\u0131\u015fan Deste\u011fi Uzatma Yasa Tasar\u0131s\u0131 30 Eyl\u00fcl 2020 tarihinde duyuruldu ve 1 Ekim 2020 tarihinde Kongre\u2019ye sunuldu.<\/p>","protected":false},"author":1,"featured_media":7562,"comment_status":"closed","ping_status":"closed","sticky":false,"template":"","format":"standard","meta":{"footnotes":""},"categories":[23],"tags":[],"class_list":["post-1781","post","type-post","status-publish","format-standard","has-post-thumbnail","hentry","category-uluslararasi-ticaret","masonry-post","generate-columns","tablet-grid-50","mobile-grid-100","grid-parent","grid-33"],"aioseo_notices":[],"_links":{"self":[{"href":"https:\/\/herdemlaw.com\/tr-tr\/wp-json\/wp\/v2\/posts\/1781","targetHints":{"allow":["GET"]}}],"collection":[{"href":"https:\/\/herdemlaw.com\/tr-tr\/wp-json\/wp\/v2\/posts"}],"about":[{"href":"https:\/\/herdemlaw.com\/tr-tr\/wp-json\/wp\/v2\/types\/post"}],"author":[{"embeddable":true,"href":"https:\/\/herdemlaw.com\/tr-tr\/wp-json\/wp\/v2\/users\/1"}],"replies":[{"embeddable":true,"href":"https:\/\/herdemlaw.com\/tr-tr\/wp-json\/wp\/v2\/comments?post=1781"}],"version-history":[{"count":1,"href":"https:\/\/herdemlaw.com\/tr-tr\/wp-json\/wp\/v2\/posts\/1781\/revisions"}],"predecessor-version":[{"id":7569,"href":"https:\/\/herdemlaw.com\/tr-tr\/wp-json\/wp\/v2\/posts\/1781\/revisions\/7569"}],"wp:featuredmedia":[{"embeddable":true,"href":"https:\/\/herdemlaw.com\/tr-tr\/wp-json\/wp\/v2\/media\/7562"}],"wp:attachment":[{"href":"https:\/\/herdemlaw.com\/tr-tr\/wp-json\/wp\/v2\/media?parent=1781"}],"wp:term":[{"taxonomy":"category","embeddable":true,"href":"https:\/\/herdemlaw.com\/tr-tr\/wp-json\/wp\/v2\/categories?post=1781"},{"taxonomy":"post_tag","embeddable":true,"href":"https:\/\/herdemlaw.com\/tr-tr\/wp-json\/wp\/v2\/tags?post=1781"}],"curies":[{"name":"wp","href":"https:\/\/api.w.org\/{rel}","templated":true}]}}