{"id":1406,"date":"2022-07-20T00:00:00","date_gmt":"2022-07-20T00:00:00","guid":{"rendered":"https:\/\/herdemlaw.com\/?p=1406"},"modified":"2025-04-10T01:35:56","modified_gmt":"2025-04-10T01:35:56","slug":"ab-yaptirimlari-yaptirim-ihlalleri-birlik-sucu-olarak-kabul-edildi","status":"publish","type":"post","link":"https:\/\/herdemlaw.com\/tr-tr\/kesfetmek\/ab-yaptirimlari-yaptirim-ihlalleri-birlik-sucu-olarak-kabul-edildi\/","title":{"rendered":"AB Yapt\u0131r\u0131mlar\u0131: Yapt\u0131r\u0131m \u0130hlalleri Birlik Su\u00e7u Olarak Kabul Edildi"},"content":{"rendered":"<p style=\"text-align:justify\">25 May\u0131s 2022 tarihinde Avrupa Komisyonu (&ldquo;Komisyon&rdquo;), t&uuml;m AB &Uuml;ye Devletlerinde k\u0131s\u0131tlay\u0131c\u0131 &ouml;nlem ihlallerinin soru\u015fturulmas\u0131n\u0131, kovu\u015fturulmas\u0131n\u0131 ve cezaland\u0131r\u0131lmas\u0131n\u0131 kolayla\u015ft\u0131rmak i&ccedil;in AB yapt\u0131r\u0131mlar\u0131n\u0131n ihlalini AB su&ccedil;u haline getirmeyi ve ayn\u0131 zamanda varl\u0131klar\u0131n geri al\u0131nmas\u0131 ve m&uuml;saderesine ili\u015fkin yeni bir Direktif (&ldquo;Direktif&rdquo;) &ouml;nermi\u015ftir. &Ouml;nerilen bu kurallar\u0131n benimsenmesi, k\u0131s\u0131tlay\u0131c\u0131 tedbirlerin daha fazla uygulanmas\u0131n\u0131 te\u015fvik edecek ve tedbirlerin ihlali i&ccedil;in daha kat\u0131 cezalar sa\u011flayacakt\u0131r.<\/p>\n<p style=\"text-align:justify\">Komisyon&#39;un May\u0131s 2022&#39;de AB yapt\u0131r\u0131mlar\u0131n\u0131n ihlalini su&ccedil; sayma &ouml;nerisinin ard\u0131ndan Konsey, 30 Haziran 2022&#39;de Avrupa Parlamentosu&#39;nun onay\u0131n\u0131 istemi\u015ftir. Bu kapsamda, 7 Temmuz 2022 tarihinde Avrupa Parlamentosu, Avrupa Birli\u011fi&#39;nin \u0130\u015fleyi\u015fi&nbsp;Hakk\u0131nda&nbsp;Antla\u015fma (&ldquo;TFEU&rdquo;) kapsam\u0131nda AB yapt\u0131r\u0131mlar\u0131n\u0131n ihlalini bir AB su&ccedil;u olarak tan\u0131mlayan 10287\/1\/2022 say\u0131l\u0131 Taslak Avrupa Konseyi Karar\u0131&rsquo;na onay vermi\u015ftir.<\/p>\n<p style=\"text-align:justify\">B&ouml;ylece Komisyon, bu t&uuml;r su&ccedil;lar\u0131n do\u011fas\u0131ndan veya etkisinden veya bunlarla ortak bir temelde m&uuml;cadele etme ihtiyac\u0131ndan kaynaklanan s\u0131n\u0131r &ouml;tesi boyutu olan &ouml;zellikle ciddi bir su&ccedil; alanlar\u0131nda cezai su&ccedil;lar\u0131n ve yapt\u0131r\u0131mlar\u0131n tan\u0131mlanmas\u0131na ili\u015fkin asgari kurallar olu\u015fturarak AB &Uuml;ye Devletleri aras\u0131nda cezalar ve ceza gerektiren su&ccedil;lar konusunda ortak bir standart belirlemeyi ama&ccedil;lamaktad\u0131r.<\/p>\n<p style=\"text-align:justify\">&Uuml;ye Devletlerin, AB k\u0131s\u0131tlay\u0131c\u0131 &ouml;nlemlerinin ihlali i&ccedil;in y&uuml;r&uuml;rl&uuml;kte olan etkili, orant\u0131l\u0131 ve cayd\u0131r\u0131c\u0131 cezalara sahip olmas\u0131 gerekmektedir. Ayr\u0131ca, bu cezalar\u0131n AB&rsquo;nin k\u0131s\u0131tlay\u0131c\u0131 tedbirlerinin dolan\u0131lmas\u0131na y&ouml;nelik olmas\u0131 da gereklidir.<\/p>\n<p style=\"text-align:justify\">TFEU madde 83(1) halihaz\u0131rda, AB k\u0131s\u0131tlay\u0131c\u0131 tedbirlerinin ihlaline ili\u015fkin cezalara ili\u015fkin asgari kurallar\u0131n belirlenmesini sa\u011flamamaktad\u0131r, &ccedil;&uuml;nk&uuml; bu t&uuml;r ihlaller hen&uuml;z o maddede s\u0131ralanan su&ccedil; alanlar\u0131 kapsam\u0131nda de\u011fildir. Halihaz\u0131rda 83(1) maddesinin ikinci alt paragraf\u0131nda listelenen su&ccedil; alanlar\u0131 ter&ouml;rizm, insan ticareti, kad\u0131n ve &ccedil;ocuklar\u0131n cinsel istismar\u0131, yasad\u0131\u015f\u0131 uyu\u015fturucu ka&ccedil;ak&ccedil;\u0131l\u0131\u011f\u0131, yasad\u0131\u015f\u0131 silah ka&ccedil;ak&ccedil;\u0131l\u0131\u011f\u0131, kara para aklama, yolsuzluk, &ouml;deme ara&ccedil;lar\u0131 sahtecili\u011fi, bilgisayar su&ccedil;u ve organize su&ccedil; olarak d&uuml;zenlenmi\u015ftir. Bununla birlikte, AB&rsquo;nin k\u0131s\u0131tlay\u0131c\u0131 &ouml;nlemlerinin ihlali, baz\u0131 durumlarda, ter&ouml;rizm ve kara para aklama gibi listelenen su&ccedil; alanlar\u0131ndan baz\u0131lar\u0131n\u0131n kapsad\u0131\u011f\u0131 ceza gerektiren su&ccedil;larla ilgili olabilecektir.<\/p>\n<p style=\"text-align:justify\">TFEU&#39;nun 83(1) maddesinin &uuml;&ccedil;&uuml;nc&uuml; alt paragraf\u0131 ise, Konsey&rsquo;in yeni su&ccedil; alanlar\u0131n\u0131 belirleyebilece\u011fi &ouml;zel bir prosed&uuml;re izin vermektedir. Bu ancak, prosed&uuml;r&uuml;n istisnai do\u011fas\u0131n\u0131 yans\u0131tan TFEU&#39;da belirtilen kriterlerin dikkatli bir \u015fekilde de\u011ferlendirilmesinden sonra yap\u0131labilecektir. Rusya&#39;n\u0131n Ukrayna&#39;ya y&ouml;nelik sald\u0131rganl\u0131k sava\u015f\u0131n\u0131n ard\u0131ndan tan\u0131k olunan su&ccedil; alan\u0131ndaki geli\u015fmeler ise istisnai durumlar olu\u015fturmaktad\u0131r. Bir su&ccedil; alan\u0131n\u0131n s\u0131n\u0131r &ouml;tesi boyutuna, yani ceza gerektiren su&ccedil;lar\u0131n do\u011fas\u0131na veya etkisine ve bunlarla ortak bir temelde m&uuml;cadele etme &ouml;zel ihtiyac\u0131na ili\u015fkin TFEU&#39;nun 83(1) maddesinin birinci alt paragraf\u0131nda at\u0131fta bulunulan kriterler birbiriyle ba\u011flant\u0131l\u0131d\u0131r ve izole olarak de\u011ferlendirilmelidir.<\/p>\n<p style=\"text-align:justify\">AB&rsquo;nin k\u0131s\u0131tlay\u0131c\u0131 tedbirlere ili\u015fkin politikas\u0131n\u0131n etkin bir \u015fekilde uygulanmas\u0131n\u0131 sa\u011flamak i&ccedil;in AB k\u0131s\u0131tlay\u0131c\u0131 tedbirlerin ihlalinin bir su&ccedil; alan\u0131 olarak tan\u0131mlanmas\u0131 gerekti\u011fi vurgulanm\u0131\u015ft\u0131r. AB k\u0131s\u0131tlay\u0131c\u0131 &ouml;nlemlerinin ihlali, &Uuml;ye Devletlerin &ccedil;o\u011funlu\u011fu taraf\u0131ndan halihaz\u0131rda bir su&ccedil; olarak s\u0131n\u0131fland\u0131r\u0131lm\u0131\u015ft\u0131r. K\u0131s\u0131tlay\u0131c\u0131 tedbirlerin ihlalini ceza gerektiren bir su&ccedil; olarak s\u0131n\u0131fland\u0131ran baz\u0131 &Uuml;ye Devletler, &#39;BM ve AB yapt\u0131r\u0131mlar\u0131n\u0131n ihlali&#39; veya &#39;AB d&uuml;zenlemelerinin ihlali&#39; gibi geni\u015f tan\u0131mlara sahipken, di\u011ferlerinde yasaklanm\u0131\u015f davran\u0131\u015flar\u0131n listesi gibi daha ayr\u0131nt\u0131l\u0131 h&uuml;k&uuml;mler vard\u0131r.<\/p>\n<p style=\"text-align:justify\">Davran\u0131\u015f\u0131n ceza hukuku kapsam\u0131na girdi\u011fi kriterler de &Uuml;ye Devletler aras\u0131nda farkl\u0131l\u0131k g&ouml;stermektedir, ancak bunlar genellikle a\u011f\u0131rl\u0131klar\u0131 ile ilgilidir veya niteliksel veya niceliksel olarak belirlenmektedir.<\/p>\n<p style=\"text-align:justify\">Birli\u011fin k\u0131s\u0131tlay\u0131c\u0131 tedbirlerinin ihlali, &ouml;zellikle ciddi bir su&ccedil; alan\u0131d\u0131r ve a\u011f\u0131rl\u0131k a&ccedil;\u0131s\u0131ndan, uluslararas\u0131 bar\u0131\u015fa y&ouml;nelik tehditleri kal\u0131c\u0131 hale getirebilece\u011finden, g&uuml;venlik, demokrasi, hukukun &uuml;st&uuml;nl&uuml;\u011f&uuml; ve insan haklar\u0131n\u0131n peki\u015ftirilmesine ve desteklenmesine zarar verir ve &ouml;nemli ekonomik, sosyal, toplumsal ve &ccedil;evresel zararlara neden olmaktad\u0131r. Bu nedenle TFEU madde 83(1)&#39;de listelenen su&ccedil; alanlar\u0131na benzer bir ciddiyet derecesine sahiptir.<\/p>\n<p style=\"text-align:justify\">Bu t&uuml;r ihlaller nedeniyle, varl\u0131klar\u0131 dondurulan veya faaliyetleri k\u0131s\u0131tlanan ger&ccedil;ek ki\u015fi ve te\u015febb&uuml;sler, AB k\u0131s\u0131tlay\u0131c\u0131 &ouml;nlemlerinin hedef ald\u0131\u011f\u0131 varl\u0131klar\u0131na ve destek rejimlerine eri\u015fmeye veya k&ouml;t&uuml;ye kullan\u0131lan Devlet fonlar\u0131na eri\u015fmeye devam etmektedir. Benzer \u015fekilde, Birli\u011fin k\u0131s\u0131tlay\u0131c\u0131 tedbirlerini ihlal ederek ticareti yap\u0131lan mal ve do\u011fal kaynaklar\u0131n s&ouml;m&uuml;r&uuml;lmesinden elde edilen para, bu k\u0131s\u0131tlay\u0131c\u0131 tedbirlerin hedef ald\u0131\u011f\u0131 rejimlerin su&ccedil; i\u015fledikleri silah ve silahlar\u0131 sat\u0131n almalar\u0131na izin verebilir. Ayr\u0131ca, ticaretle ilgili AB&rsquo;nin k\u0131s\u0131tlay\u0131c\u0131 tedbirlerinin ihlali, bu k\u0131s\u0131tlay\u0131c\u0131 tedbirlerin hedefledi\u011fi yarg\u0131 alan\u0131ndaki do\u011fal kaynaklar\u0131n yasa d\u0131\u015f\u0131 kullan\u0131m\u0131na katk\u0131da bulunabilir.<\/p>\n<p style=\"text-align:justify\">&Uuml;ye Devletlerin kendi ulusal yasalar\u0131 kapsam\u0131nda AB k\u0131s\u0131tlay\u0131c\u0131 tedbirlerin ihlaline ili\u015fkin &ccedil;ok farkl\u0131 tan\u0131mlar\u0131 ve cezalar\u0131 olmas\u0131, ihlalin ger&ccedil;ekle\u015ftirildi\u011fi &Uuml;ye Devlete ba\u011fl\u0131 olarak yapt\u0131r\u0131mlar\u0131n farkl\u0131 derecelerde uygulanmas\u0131na katk\u0131da bulunmaktad\u0131r. Bu, AB&rsquo;nin uluslararas\u0131 bar\u0131\u015f ve g&uuml;venli\u011fi koruma ve AB ortak de\u011ferlerini koruma hedeflerini baltalamaktad\u0131r. Bu nedenle, ceza hukuku yoluyla AB k\u0131s\u0131tlay\u0131c\u0131 &ouml;nlemlerinin ihlalini ele almak i&ccedil;in AB d&uuml;zeyinde ortak eyleme &ouml;zel bir ihtiya&ccedil; vard\u0131r.<\/p>\n<p style=\"text-align:justify\">Ek olarak, AB k\u0131s\u0131tlay\u0131c\u0131 &ouml;nlemlerinin ihlallerinin a&ccedil;\u0131k ve bazen de do\u011fas\u0131 gere\u011fi s\u0131n\u0131r &ouml;tesi bir boyuta sahip oldu\u011fu vurgulanm\u0131\u015ft\u0131r. Bu t&uuml;r ihlaller yaln\u0131zca ger&ccedil;ek ki\u015filer taraf\u0131ndan veya k&uuml;resel &ouml;l&ccedil;ekte faaliyet g&ouml;steren t&uuml;zel ki\u015filerin kat\u0131l\u0131m\u0131yla i\u015flenemez, ayn\u0131 zamanda baz\u0131 durumlarda bankac\u0131l\u0131k hizmetlerine k\u0131s\u0131tlamalar gibi AB&rsquo;nin k\u0131s\u0131tlay\u0131c\u0131 &ouml;nlemleri s\u0131n\u0131r &ouml;tesi i\u015flemleri bile yasaklamaktad\u0131r. Bu nedenle ihlalleri, AB d&uuml;zeyinde ortak bir s\u0131n\u0131r &ouml;tesi m&uuml;dahale gerektiren s\u0131n\u0131r &ouml;tesi bir &ouml;l&ccedil;ekte davran\u0131\u015fa e\u015fittir.<\/p>\n<p style=\"text-align:justify\">Bununla birlikte, Komisyon&#39;dan Avrupa Parlamentosu ve Konsey&#39;e, AB&rsquo;nin k\u0131s\u0131tlay\u0131c\u0131 &ouml;nlemlerinin ihlal edilmesine ili\u015fkin cezai cezalara ili\u015fkin bir Direktif&rsquo;e y&ouml;nelik tebli\u011f, a\u015fa\u011f\u0131dakiler de dahil olmak &uuml;zere, AB&#39;nin k\u0131s\u0131tlay\u0131c\u0131 &ouml;nlemlerinin ihlal edilmesine ili\u015fkin &ccedil;e\u015fitli cezai su&ccedil; &ouml;rneklerini listelemektedir: (i) fon sa\u011flama veya do\u011frudan veya dolayl\u0131 olarak, belirlenmi\u015f bir ger&ccedil;ek ki\u015fi\/te\u015febb&uuml;s i&ccedil;in veya onun yarar\u0131na kullan\u0131labilen ekonomik kaynaklar; (ii) belirlenmi\u015f bir ger&ccedil;ek ki\u015fi\/te\u015febb&uuml;se ait olan veya sahip olunan, tutulan veya kontrol edilen fonlar\u0131 veya ekonomik kaynaklar\u0131 dondurmamak; (iii) yasaklanm\u0131\u015f bor&ccedil;lar veya krediler sa\u011flamak gibi yasaklanm\u0131\u015f finansal faaliyetlerde bulunmak ve; (iv) ticaret yasaklar\u0131 kapsam\u0131ndaki mal ve teknolojileri ithal etmek veya ihra&ccedil; etmek veya yasaklanm\u0131\u015f hizmetleri sa\u011flamak gibi yasaklanm\u0131\u015f ticaret, ticari veya di\u011fer faaliyetlerde bulunmak.<\/p>\n<p style=\"text-align:justify\">Tebli\u011f ayr\u0131ca su&ccedil;un &ouml;zel mesleki faaliyet ba\u011flam\u0131nda i\u015flenmesi veya su&ccedil;un sahte veya sahte belgelerin kullan\u0131m\u0131n\u0131 i&ccedil;ermesi gibi para cezalar\u0131 veya kamu finansman\u0131ndan ge&ccedil;ici olarak d\u0131\u015flama gibi olas\u0131 cezalar\u0131n &ouml;rneklerini ve olas\u0131 a\u011f\u0131rla\u015ft\u0131r\u0131c\u0131 ve hafifletici ko\u015fullar\u0131 listelemektedir.<\/p>\n<p style=\"text-align:justify\">Onaylanan &ouml;nerinin ana hedeflerinden biri, su&ccedil;un etkin bir \u015fekilde cezaland\u0131r\u0131lmas\u0131n\u0131 sa\u011flamak i&ccedil;in ilgili makamlar\u0131n varl\u0131k kurtarma ve m&uuml;sadere yeteneklerini g&uuml;&ccedil;lendirmektir. &Ouml;nerilen kurallar kapsam\u0131nda, AB &Uuml;ye Devletlerinin her biri taraf\u0131ndan kurulacak varl\u0131k kurtarma ofisleri, Avrupa Savc\u0131l\u0131\u011f\u0131 ve Europol ve Eurojust ile kendi yetki alanlar\u0131na g&ouml;re yak\u0131n &ccedil;al\u0131\u015facakt\u0131r. Bununla birlikte, AB &Uuml;ye Devletleri, varl\u0131k kurtarma ofislerinin bilgi al\u0131\u015fveri\u015fi i&ccedil;in G&uuml;venli Bilgi De\u011fi\u015fim A\u011f\u0131 Uygulamas\u0131 (&ldquo;SIENA&rdquo;) sistemine do\u011frudan eri\u015fmesini ve bu sistemi kullanmas\u0131n\u0131 sa\u011flayacakt\u0131r. Ayr\u0131ca, varl\u0131k kurtarma ofislerinin yan\u0131 s\u0131ra ayr\u0131 varl\u0131k y&ouml;netim ofislerinin de &ccedil;al\u0131\u015fmas\u0131 ve gerekti\u011finde &uuml;&ccedil;&uuml;nc&uuml; &uuml;lkelerdeki muadilleriyle bilgi al\u0131\u015fveri\u015finde bulunmas\u0131 beklenmektedir. T&uuml;m AB &Uuml;ye Devletlerindeki varl\u0131k y&ouml;netim ofisleri, dondurulan ve el konulan m&uuml;lkleri y&ouml;netecek ve m&uuml;sadere hakk\u0131nda nihai bir karara varana kadar de\u011ferinin korunmas\u0131na yard\u0131mc\u0131 olacakt\u0131r.<\/p>\n<p style=\"text-align:justify\">Ek olarak Direktif, cezai konulardaki yarg\u0131lamalar &ccedil;er&ccedil;evesinde malvarl\u0131\u011f\u0131n\u0131n izlenmesi ve tan\u0131mlanmas\u0131, dondurulmas\u0131, m&uuml;sadere edilmesi ve y&ouml;netimine ili\u015fkin asgari kurallar\u0131 belirlemektedir. Esasen, varl\u0131k kurtarma kurallar\u0131, soru\u015fturma makamlar\u0131na, AB k\u0131s\u0131tlay\u0131c\u0131 &ouml;nlemlerine tabi olan ger&ccedil;ek ki\u015fi ve te\u015febb&uuml;slerin varl\u0131klar\u0131n\u0131 h\u0131zl\u0131 bir \u015fekilde izleme ve belirleme yetkisi vermektedir. Ayr\u0131ca, bu kurallarla birlikte, AB k\u0131s\u0131tlay\u0131c\u0131 &ouml;nlemlerinin cezai ihlalleri de dahil olmak &uuml;zere daha geni\u015f bir dizi su&ccedil;tan varl\u0131klara el konulmas\u0131 s&ouml;z konusu olacakt\u0131r.<\/p>\n<p style=\"text-align:justify\">Son olarak, AB yapt\u0131r\u0131mlar\u0131n\u0131n ihlali, TFEU&#39;nun 83(1) maddesinin kapsam\u0131na eklenirse, tedbirlerle ilgili su&ccedil;lar, t&uuml;m AB &Uuml;ye Devletlerinde uygulanabilir daha ciddi cezalarla sonu&ccedil;lanabilecektir. Ayn\u0131 zamanda, varl\u0131klar\u0131n geri al\u0131nmas\u0131 ve m&uuml;saderesine ili\u015fkin &ouml;nerilen Direktif, AB &Uuml;ye Devletlerinin yetkililerinin AB k\u0131s\u0131tlay\u0131c\u0131 &ouml;nlemlerinin ihlaliyle ba\u011flant\u0131l\u0131 m&uuml;lkleri izlemesini ve m&uuml;sadere etmesini kolayla\u015ft\u0131racakt\u0131r. Te\u015febb&uuml;sler, &ouml;nerilen i\u015flemlerde varl\u0131klar\u0131n kayna\u011f\u0131na ili\u015fkin kapsaml\u0131 bir durum tespiti yapmak isteyebilecektir.<\/p>\n<p style=\"text-align:justify\">\u015eafak Herdem, Esra Temur<\/p>","protected":false},"excerpt":{"rendered":"<p>25 May\u0131s 2022 tarihinde Avrupa Komisyonu (&ldquo;Komisyon&rdquo;), t&uuml;m AB &Uuml;ye Devletlerinde k\u0131s\u0131tlay\u0131c\u0131 &ouml;nlem ihlallerinin soru\u015fturulmas\u0131n\u0131, kovu\u015fturulmas\u0131n\u0131 ve cezaland\u0131r\u0131lmas\u0131n\u0131 kolayla\u015ft\u0131rmak i&ccedil;in &#8230; <a title=\"AB Yapt\u0131r\u0131mlar\u0131: Yapt\u0131r\u0131m \u0130hlalleri Birlik Su\u00e7u Olarak Kabul Edildi\" class=\"read-more\" href=\"https:\/\/herdemlaw.com\/tr-tr\/kesfetmek\/ab-yaptirimlari-yaptirim-ihlalleri-birlik-sucu-olarak-kabul-edildi\/\" aria-label=\"Read more about AB Yapt\u0131r\u0131mlar\u0131: Yapt\u0131r\u0131m \u0130hlalleri Birlik Su\u00e7u Olarak Kabul Edildi\">Read more<\/a><\/p>","protected":false},"author":1,"featured_media":7190,"comment_status":"closed","ping_status":"closed","sticky":false,"template":"","format":"standard","meta":{"footnotes":""},"categories":[25],"tags":[],"class_list":["post-1406","post","type-post","status-publish","format-standard","has-post-thumbnail","hentry","category-havacilik","masonry-post","generate-columns","tablet-grid-50","mobile-grid-100","grid-parent","grid-33"],"aioseo_notices":[],"_links":{"self":[{"href":"https:\/\/herdemlaw.com\/tr-tr\/wp-json\/wp\/v2\/posts\/1406","targetHints":{"allow":["GET"]}}],"collection":[{"href":"https:\/\/herdemlaw.com\/tr-tr\/wp-json\/wp\/v2\/posts"}],"about":[{"href":"https:\/\/herdemlaw.com\/tr-tr\/wp-json\/wp\/v2\/types\/post"}],"author":[{"embeddable":true,"href":"https:\/\/herdemlaw.com\/tr-tr\/wp-json\/wp\/v2\/users\/1"}],"replies":[{"embeddable":true,"href":"https:\/\/herdemlaw.com\/tr-tr\/wp-json\/wp\/v2\/comments?post=1406"}],"version-history":[{"count":1,"href":"https:\/\/herdemlaw.com\/tr-tr\/wp-json\/wp\/v2\/posts\/1406\/revisions"}],"predecessor-version":[{"id":7198,"href":"https:\/\/herdemlaw.com\/tr-tr\/wp-json\/wp\/v2\/posts\/1406\/revisions\/7198"}],"wp:featuredmedia":[{"embeddable":true,"href":"https:\/\/herdemlaw.com\/tr-tr\/wp-json\/wp\/v2\/media\/7190"}],"wp:attachment":[{"href":"https:\/\/herdemlaw.com\/tr-tr\/wp-json\/wp\/v2\/media?parent=1406"}],"wp:term":[{"taxonomy":"category","embeddable":true,"href":"https:\/\/herdemlaw.com\/tr-tr\/wp-json\/wp\/v2\/categories?post=1406"},{"taxonomy":"post_tag","embeddable":true,"href":"https:\/\/herdemlaw.com\/tr-tr\/wp-json\/wp\/v2\/tags?post=1406"}],"curies":[{"name":"wp","href":"https:\/\/api.w.org\/{rel}","templated":true}]}}