{"id":1405,"date":"2022-07-04T00:00:00","date_gmt":"2022-07-04T00:00:00","guid":{"rendered":"https:\/\/herdemlaw.com\/?p=1405"},"modified":"2025-04-10T01:35:57","modified_gmt":"2025-04-10T01:35:57","slug":"avrupa-birligi-yaptirimlari-rus-hukumetinin-sahip-oldugu-medyaya-iliskin-kisitlamalar-hakkinda-sik-sorulan-sorular","status":"publish","type":"post","link":"https:\/\/herdemlaw.com\/tr-tr\/kesfetmek\/avrupa-birligi-yaptirimlari-rus-hukumetinin-sahip-oldugu-medyaya-iliskin-kisitlamalar-hakkinda-sik-sorulan-sorular\/","title":{"rendered":"Avrupa Birli\u011fi Yapt\u0131r\u0131mlar\u0131: Rus H\u00fck\u00fcmeti\u2019nin Sahip Oldu\u011fu Medyaya \u0130li\u015fkin K\u0131s\u0131tlamalar Hakk\u0131nda S\u0131k Sorulan Sorular"},"content":{"rendered":"<p style=\"text-align:justify\">Avrupa Komisyonu (&ldquo;Komisyon&rdquo;) taraf\u0131ndan, 30 Haziran 2022 tarihinde Rusya&#39;n\u0131n Ukrayna&#39;ya y&ouml;nelik askeri sald\u0131rganl\u0131\u011f\u0131n\u0131n ard\u0131ndan kabul edilen yapt\u0131r\u0131mlarla ilgili Rus h&uuml;k&uuml;metinin sahip oldu\u011fu medyaya ili\u015fkin k\u0131s\u0131tlamalar ile ilgili S\u0131k Sorulan Sorular (&ldquo;SSS&rdquo;) yay\u0131mlanm\u0131\u015ft\u0131r.<\/p>\n<p style=\"text-align:justify\">&Ouml;ncelikle SSS ile, Avrupa Birli\u011fi&rsquo;nin (&ldquo;AB&rdquo;), Russia Today ve Sputnik&#39;e hangi gerek&ccedil;elerle k\u0131s\u0131tlamalar getirdi\u011fi a&ccedil;\u0131klanm\u0131\u015ft\u0131r. Buna g&ouml;re, Russia Today ve Sputnik, Rusya&#39;n\u0131n Ukrayna&#39;y\u0131 i\u015fgalini haz\u0131rlamakta ve desteklemekte, Rusya Federasyonu liderli\u011finin s&uuml;rekli do\u011frudan veya dolayl\u0131 kontrol&uuml; alt\u0131nda Rusya&#39;n\u0131n sistematik bilgi manip&uuml;lasyonuna ve dezenformasyonuna kat\u0131lmakta etkili olmu\u015ftur. Rusya&#39;n\u0131n k&uuml;resel izleyicileri yanl\u0131\u015f bilgilendirmek i&ccedil;in kulland\u0131\u011f\u0131 s&uuml;rekli ve uyumlu propaganda eylemlerinin temel direkleri olarak, AB&rsquo;nin kamu d&uuml;zenine ve g&uuml;venli\u011fine &ouml;nemli ve do\u011frudan tehdit olu\u015fturmaktad\u0131rlar.<\/p>\n<p style=\"text-align:justify\">Bununla birlikte yasa\u011f\u0131n uygulama alan\u0131, yaln\u0131zca TV istasyonlar\u0131n\u0131n yay\u0131nlanmas\u0131n\u0131n &ouml;tesine ge&ccedil;mekte, i&ccedil;eri\u011fin web sitesi gibi ba\u015fka yollarla yay\u0131lmas\u0131n\u0131 da kapsamaktad\u0131r. &quot;Herhangi bir i&ccedil;erik&quot; ile ba\u011flant\u0131l\u0131 olarak &quot;yay\u0131n&quot; terimi, h&uuml;km&uuml;n amac\u0131 \u0131\u015f\u0131\u011f\u0131nda, G&ouml;rsel-\u0130\u015fitsel Medya Hizmetleri Direktifi&rsquo;nde kullan\u0131lan &quot;televizyon yay\u0131nc\u0131l\u0131\u011f\u0131&quot; teriminden daha geni\u015f bir i&ccedil;erik sa\u011flama kapsam\u0131n\u0131 kapsad\u0131\u011f\u0131 anla\u015f\u0131lmal\u0131d\u0131r. &Ccedil;evrimi&ccedil;i de dahil olmak &uuml;zere iletim, yayma veya da\u011f\u0131t\u0131m ara&ccedil;lar\u0131ndan ba\u011f\u0131ms\u0131z olarak herhangi bir t&uuml;r i&ccedil;eri\u011fi bir hedef kitleye m&uuml;mk&uuml;n olan en geni\u015f anlamda iletmek, yaymak veya da\u011f\u0131tmak olarak anla\u015f\u0131lmal\u0131d\u0131r. Bununla birlikte, &#39;kolayla\u015ft\u0131rmak veya ba\u015fka bir \u015fekilde katk\u0131da bulunmak&#39; terimleri ise, hedeflenen te\u015febb&uuml;sler taraf\u0131ndan sa\u011flanan i&ccedil;eri\u011fin di\u011fer medya kurulu\u015flar\u0131na iletilmesi, yay\u0131lmas\u0131 veya da\u011f\u0131t\u0131lmas\u0131 i&ccedil;in hizmet eden veya bunun i&ccedil;in ara&ccedil; olan faaliyetleri de kapsamaktad\u0131r.<\/p>\n<p style=\"text-align:justify\">Ayr\u0131ca, atlamama maddesi gere\u011fi, amac\u0131 veya etkisi, (AB) 833\/2012 say\u0131l\u0131 Konsey T&uuml;z&uuml;\u011f&uuml;&rsquo;n&uuml;n (&ldquo;Konsey T&uuml;z&uuml;\u011f&uuml;&rdquo;) hedefledi\u011fi ger&ccedil;ek veya t&uuml;zel ki\u015filer, te\u015febb&uuml;sler veya organlar\u0131n yerine ge&ccedil;mek de dahil olmak &uuml;zere, bu Konsey T&uuml;z&uuml;\u011f&uuml;&rsquo;ndeki yasaklar\u0131 dolanmak olan faaliyetlere bilerek ve isteyerek kat\u0131lmak yasakt\u0131r.<\/p>\n<p style=\"text-align:justify\">Hedeflenen varl\u0131klar internet alt etki alanlar\u0131na ve ayr\u0131ca yeni olu\u015fturulmu\u015f etki alanlar\u0131na sahiptir. Bu kapsamda AB operat&ouml;rlerinin, bu t&uuml;r t&uuml;m alt alan adlar\u0131na ve yeni alan adlar\u0131na eri\u015fimi etkinle\u015ftirmekten, kolayla\u015ft\u0131rmaktan veya ba\u015fka bir \u015fekilde katk\u0131da bulunmaktan ka&ccedil;\u0131nmak zorunda olup olmad\u0131\u011f\u0131 sorusuna a&ccedil;\u0131kl\u0131k getirilmi\u015ftir. Bir etki alan\u0131n\u0131 kaydeden varl\u0131k, alt etki alanlar\u0131 &uuml;zerinde kontrole sahiptir; alan ad\u0131 bloke edilirse, alt alan adlar\u0131 da engellenmelidir.&nbsp; Konsey T&uuml;z&uuml;\u011f&uuml;&rsquo;nde belirtilen yasak, ayn\u0131 zamanda, hedeflenen te\u015febb&uuml;sler taraf\u0131ndan y&uuml;r&uuml;t&uuml;len veya kontrol edilen veya s&ouml;z konusu yasa\u011f\u0131 dolanmak i&ccedil;in kullan\u0131lan yeni olu\u015fturulan internet alan adlar\u0131 i&ccedil;in de ge&ccedil;erlidir.<\/p>\n<p style=\"text-align:justify\">Bir di\u011fer SSS ile, Konsey T&uuml;z&uuml;\u011f&uuml;&rsquo;n&uuml;n kablo, uydu, IP-TV, internet servis sa\u011flay\u0131c\u0131lar\u0131 veya &ccedil;evrimi&ccedil;i video payla\u015f\u0131m platformlar\u0131n\u0131n i\u015fletmecileri d\u0131\u015f\u0131ndaki taraflara y&uuml;k&uuml;ml&uuml;l&uuml;kler getirip getirmedi\u011fi a&ccedil;\u0131klanm\u0131\u015ft\u0131r. Konsey T&uuml;z&uuml;\u011f&uuml; bir dizi faaliyet &ouml;rne\u011fi ortaya koymaktad\u0131r. Bu nedenle, &ouml;rne\u011fin, &ouml;nbelle\u011fe alma hizmetleri, arama motorlar\u0131, sosyal medya veya hizmetleri hedeflenen te\u015febb&uuml;slerden propaganda yaymak i&ccedil;in kullan\u0131labilecek bar\u0131nd\u0131rma hizmeti sa\u011flay\u0131c\u0131lar\u0131 i&ccedil;in de ge&ccedil;erlidir.<\/p>\n<p style=\"text-align:justify\">Haberciliklerinin bir par&ccedil;as\u0131 olarak, iyi niyetle hareket eden gazeteciler, hedeflenen te\u015febb&uuml;sler taraf\u0131ndan olu\u015fturulan i&ccedil;eri\u011fi iletebilir mi sorusuna da a&ccedil;\u0131kl\u0131k getirilmi\u015ftir. Buna g&ouml;re medya, g&uuml;ncel olaylar hakk\u0131nda tarafs\u0131z bir \u015fekilde haber verme ve bunlar hakk\u0131nda fikir olu\u015fturma &ouml;zg&uuml;rl&uuml;\u011f&uuml;ne sahiptir ve kullan\u0131c\u0131lar, g&uuml;ncel olaylar hakk\u0131nda objektif bilgi alma hakk\u0131na sahiptir.<\/p>\n<p style=\"text-align:justify\">&Ouml;zellikle, Russia Today ve Sputnik d\u0131\u015f\u0131ndaki bir medya kurulu\u015funun mevcut Konsey T&uuml;z&uuml;\u011f&uuml; ve sonu&ccedil;lar\u0131 hakk\u0131nda haber yapt\u0131\u011f\u0131 durumlarda, ilgili iki Rus medya kurulu\u015fu taraf\u0131ndan okuyucular\u0131n\u0131\/izleyicilerini tarafs\u0131z ve eksiksiz bir \u015fekilde bilgilendirmek amac\u0131yla verilen bilgileri g&ouml;stermek i&ccedil;in, di\u011ferlerinin yan\u0131 s\u0131ra i&ccedil;eri\u011fi sa\u011flayabilecek ve bu ba\u011flamda Russia Today ve Sputnik taraf\u0131ndan haz\u0131rlanan haberlere at\u0131fta bulunabilecektir. &nbsp;Ayn\u0131 zamanda, ifade &ouml;zg&uuml;rl&uuml;\u011f&uuml;, me\u015fru kamu menfaatleri i&ccedil;in orant\u0131l\u0131 bir \u015fekilde k\u0131s\u0131tlanabilir. \u0130fade &ouml;zg&uuml;rl&uuml;\u011f&uuml;, di\u011fer medya kurulu\u015flar\u0131 taraf\u0131ndan Konsey T&uuml;z&uuml;\u011f&uuml;&rsquo;n&uuml; atlatmak i&ccedil;in g&uuml;venilemez. Atlatmama ayn\u0131 \u015fekilde gazeteciler i&ccedil;in de ge&ccedil;erlidir. Bu nedenle, ba\u015fka bir medya kurulu\u015fu veya gazeteci, okuyucular\u0131n\u0131\/izleyicilerini bilgilendirmeyi ama&ccedil;l\u0131yorsa, ancak ger&ccedil;ekte bu davran\u0131\u015f\u0131 Russia Today veya Sputnik i&ccedil;eri\u011fini kamuoyuna yay\u0131nlamay\u0131 ama&ccedil;l\u0131yorsa veya bu etkiye sahipse, Konsey T&uuml;z&uuml;\u011f&uuml;&rsquo;nde belirtilen yasa\u011f\u0131 ihlal etmi\u015f olacakt\u0131r.<\/p>\n<p style=\"text-align:justify\">Bununla birlikte yasa\u011f\u0131n, operat&ouml;rlerin yasa\u011f\u0131n uygulanmas\u0131n\u0131 sa\u011flama sorumluluklar\u0131n\u0131 da i&ccedil;erdi\u011fi belirtilmi\u015f ve &ldquo;operat&ouml;rler&rdquo; teriminin nas\u0131l anla\u015f\u0131lmas\u0131 gerekti\u011fi a&ccedil;\u0131klanm\u0131\u015ft\u0131r. Konsey T&uuml;z&uuml;\u011f&uuml; geni\u015f ve kapsaml\u0131 bir yasak d&uuml;zenlemektedir. Konsey T&uuml;z&uuml;\u011f&uuml; hem yay\u0131n yapmay\u0131 hem de operat&ouml;rlerin &ldquo;yay\u0131n yapmas\u0131na, kolayla\u015ft\u0131rmas\u0131na veya ba\u015fka bir \u015fekilde katk\u0131da bulunmas\u0131na&rdquo; izin vermemektedir. Buna g&ouml;re, yasak, s&ouml;z konusu i&ccedil;eri\u011fi yay\u0131nlayan veya yay\u0131nlamay\u0131 m&uuml;mk&uuml;n k\u0131lan, kolayla\u015ft\u0131ran veya ba\u015fka bir \u015fekilde katk\u0131da bulunan ticari veya profesyonel bir faaliyet y&uuml;r&uuml;ten herhangi bir ki\u015fi veya te\u015febb&uuml;s veya kurulu\u015f i&ccedil;in ge&ccedil;erlidir.<\/p>\n<p style=\"text-align:justify\">Ayr\u0131ca, yukar\u0131da a&ccedil;\u0131kland\u0131\u011f\u0131 &uuml;zere, Konsey T&uuml;z&uuml;\u011f&uuml;&rsquo;n&uuml;n 12. maddesindeki genel ve geni\u015f bir \u015fekilde ifade edilen atlatmama maddesi uyar\u0131nca, madde 2f&#39;deki yasa\u011fa tabi bir ger&ccedil;ek veya t&uuml;zel ki\u015fi, kurum veya te\u015febb&uuml;s&uuml;n yerine ge&ccedil;mek de dahil olmak &uuml;zere, amac\u0131 veya etkisi s&ouml;z konusu yasa\u011f\u0131 dolanmak olan faaliyetlere bilerek ve kas\u0131tl\u0131 olarak kat\u0131lmak yasakt\u0131r.<\/p>\n<p style=\"text-align:justify\">Son olarak, &uuml;&ccedil;&uuml;nc&uuml; bir &uuml;lkedeki bir te\u015febb&uuml;se uydu kapasitesi satan AB merkezli bir operat&ouml;r&uuml;n, bu kapasiteyi bu &uuml;&ccedil;&uuml;nc&uuml; &uuml;lkedeki k\u0131s\u0131tl\u0131 kanallar\u0131n i&ccedil;eri\u011fini yay\u0131nlamak i&ccedil;in kullanabilece\u011fi faaliyetlerinin, Konsey T&uuml;z&uuml;\u011f&uuml; madde 2f&#39;de belirtilen yasak kapsam\u0131na girip girmedi\u011fi a&ccedil;\u0131klanm\u0131\u015ft\u0131r. Buna g&ouml;re yasak, yaln\u0131zca yay\u0131n faaliyetlerinin kendisi i&ccedil;in de\u011fil, Ek XV&#39;de listelenen t&uuml;zel ki\u015filer, kurum veya te\u015febb&uuml;sler taraf\u0131ndan herhangi bir i&ccedil;eri\u011fin yay\u0131nlanmas\u0131n\u0131 sa\u011flayan, kolayla\u015ft\u0131ran veya ba\u015fka bir \u015fekilde katk\u0131da bulunan faaliyetler i&ccedil;in de ge&ccedil;erlidir. Bu t&uuml;r uydu kapasitelerinin kullan\u0131ma sunulmas\u0131n\u0131n yay\u0131na olanak sa\u011flayaca\u011f\u0131 d&uuml;\u015f&uuml;n&uuml;ld&uuml;\u011f&uuml;nde, bu yasakt\u0131r. &nbsp;Ayr\u0131ca, Konsey T&uuml;z&uuml;\u011f&uuml;&rsquo;n&uuml;n 13. maddesi uyar\u0131nca, Konsey T&uuml;z&uuml;\u011f&uuml;, bir &Uuml;ye Devletin kanunlar\u0131na g&ouml;re kurulmu\u015f veya te\u015fkil edilmi\u015f herhangi bir t&uuml;zel ki\u015fi, kurum veya te\u015febb&uuml;s i&ccedil;in ge&ccedil;erlidir. Bu nedenle, yasak, &uuml;&ccedil;&uuml;nc&uuml; bir &uuml;lkeye sat\u0131\u015f i&ccedil;in bile, AB s\u0131n\u0131rlar\u0131 i&ccedil;inde yerle\u015fik bir AB operat&ouml;r&uuml; i&ccedil;in ge&ccedil;erlidir.<\/p>\n<p style=\"text-align:justify\">\u015eafak Herdem, Esra Temur<\/p>","protected":false},"excerpt":{"rendered":"<p>Avrupa Komisyonu (&ldquo;Komisyon&rdquo;) taraf\u0131ndan, 30 Haziran 2022 tarihinde Rusya&#39;n\u0131n Ukrayna&#39;ya y&ouml;nelik askeri sald\u0131rganl\u0131\u011f\u0131n\u0131n ard\u0131ndan kabul edilen yapt\u0131r\u0131mlarla ilgili Rus h&uuml;k&uuml;metinin &#8230; <a title=\"Avrupa Birli\u011fi Yapt\u0131r\u0131mlar\u0131: Rus H\u00fck\u00fcmeti\u2019nin Sahip Oldu\u011fu Medyaya \u0130li\u015fkin K\u0131s\u0131tlamalar Hakk\u0131nda S\u0131k Sorulan Sorular\" class=\"read-more\" href=\"https:\/\/herdemlaw.com\/tr-tr\/kesfetmek\/avrupa-birligi-yaptirimlari-rus-hukumetinin-sahip-oldugu-medyaya-iliskin-kisitlamalar-hakkinda-sik-sorulan-sorular\/\" aria-label=\"Read more about Avrupa Birli\u011fi Yapt\u0131r\u0131mlar\u0131: Rus H\u00fck\u00fcmeti\u2019nin Sahip Oldu\u011fu Medyaya \u0130li\u015fkin K\u0131s\u0131tlamalar Hakk\u0131nda S\u0131k Sorulan Sorular\">Read more<\/a><\/p>","protected":false},"author":1,"featured_media":7194,"comment_status":"closed","ping_status":"closed","sticky":false,"template":"","format":"standard","meta":{"footnotes":""},"categories":[25],"tags":[],"class_list":["post-1405","post","type-post","status-publish","format-standard","has-post-thumbnail","hentry","category-havacilik","masonry-post","generate-columns","tablet-grid-50","mobile-grid-100","grid-parent","grid-33"],"aioseo_notices":[],"_links":{"self":[{"href":"https:\/\/herdemlaw.com\/tr-tr\/wp-json\/wp\/v2\/posts\/1405","targetHints":{"allow":["GET"]}}],"collection":[{"href":"https:\/\/herdemlaw.com\/tr-tr\/wp-json\/wp\/v2\/posts"}],"about":[{"href":"https:\/\/herdemlaw.com\/tr-tr\/wp-json\/wp\/v2\/types\/post"}],"author":[{"embeddable":true,"href":"https:\/\/herdemlaw.com\/tr-tr\/wp-json\/wp\/v2\/users\/1"}],"replies":[{"embeddable":true,"href":"https:\/\/herdemlaw.com\/tr-tr\/wp-json\/wp\/v2\/comments?post=1405"}],"version-history":[{"count":1,"href":"https:\/\/herdemlaw.com\/tr-tr\/wp-json\/wp\/v2\/posts\/1405\/revisions"}],"predecessor-version":[{"id":7207,"href":"https:\/\/herdemlaw.com\/tr-tr\/wp-json\/wp\/v2\/posts\/1405\/revisions\/7207"}],"wp:featuredmedia":[{"embeddable":true,"href":"https:\/\/herdemlaw.com\/tr-tr\/wp-json\/wp\/v2\/media\/7194"}],"wp:attachment":[{"href":"https:\/\/herdemlaw.com\/tr-tr\/wp-json\/wp\/v2\/media?parent=1405"}],"wp:term":[{"taxonomy":"category","embeddable":true,"href":"https:\/\/herdemlaw.com\/tr-tr\/wp-json\/wp\/v2\/categories?post=1405"},{"taxonomy":"post_tag","embeddable":true,"href":"https:\/\/herdemlaw.com\/tr-tr\/wp-json\/wp\/v2\/tags?post=1405"}],"curies":[{"name":"wp","href":"https:\/\/api.w.org\/{rel}","templated":true}]}}