{"id":1387,"date":"2022-05-18T00:00:00","date_gmt":"2022-05-18T00:00:00","guid":{"rendered":"https:\/\/herdemlaw.com\/?p=1387"},"modified":"2025-04-10T01:36:57","modified_gmt":"2025-04-10T01:36:57","slug":"avrupa-birligi-yaptirimlari-varliklarin-dondurulmasi-ve-fon-ve-ekonomik-kaynak-saglama-yasagi-hakkinda-sik-sorulan-sorular","status":"publish","type":"post","link":"https:\/\/herdemlaw.com\/tr-tr\/kesfetmek\/avrupa-birligi-yaptirimlari-varliklarin-dondurulmasi-ve-fon-ve-ekonomik-kaynak-saglama-yasagi-hakkinda-sik-sorulan-sorular\/","title":{"rendered":"Avrupa Birli\u011fi Yapt\u0131r\u0131mlar\u0131: Varl\u0131klar\u0131n Dondurulmas\u0131 ve Fon ve Ekonomik Kaynak Sa\u011flama Yasa\u011f\u0131 Hakk\u0131nda S\u0131k Sorulan Sorular"},"content":{"rendered":"<p style=\"text-align:justify\">Avrupa Komisyonu (&ldquo;Komisyon&rdquo;) taraf\u0131ndan, 4 May\u0131s 2022 tarihinde Rusya&#39;n\u0131n Ukrayna&#39;ya y&ouml;nelik askeri sald\u0131rganl\u0131\u011f\u0131n\u0131n ard\u0131ndan kabul edilen yapt\u0131r\u0131mlarla ilgili varl\u0131klar\u0131n dondurulmas\u0131na ve fon ve ekonomik kaynak sa\u011flama yasa\u011f\u0131na ili\u015fkin S\u0131k Sorulan Sorular (&ldquo;SSS&rdquo;) yay\u0131mlanm\u0131\u015ft\u0131r.<\/p>\n<p style=\"text-align:justify\">&Ouml;ncelikle, (AB) 269\/2014 say\u0131l\u0131 Konsey T&uuml;z&uuml;\u011f&uuml;&#39;n&uuml;n 2. Maddesindeki yapt\u0131r\u0131mlar\u0131n, listelenmi\u015f ki\u015filerin sahip oldu\u011fu, kontrol etti\u011fi, y&ouml;netti\u011fi veya ba\u015fka \u015fekilde ili\u015fkili oldu\u011fu te\u015febb&uuml;sler i&ccedil;in ge&ccedil;erli olup olmad\u0131\u011f\u0131 hususuna a&ccedil;\u0131kl\u0131k getirilmi\u015ftir. Buna g&ouml;re, yaln\u0131zca (AB) 269\/2014 say\u0131l\u0131 Konsey T&uuml;z&uuml;\u011f&uuml;&#39;n&uuml;n Ek I&#39;inde listelenen ki\u015fi ve te\u015febb&uuml;sler do\u011frudan yapt\u0131r\u0131mlar\u0131n hedefindedir. Ancak, listelenmi\u015f bir ki\u015finin borsaya kote olmayan bir varl\u0131\u011f\u0131n sahibi oldu\u011fu veya kontrol etti\u011fi kabul edilirse, kontrol&uuml;n o te\u015febb&uuml;s&uuml;n varl\u0131klar\u0131n\u0131 da kapsad\u0131\u011f\u0131 ve bu te\u015febb&uuml;se sa\u011flanan herhangi bir fon veya ekonomik kayna\u011f\u0131n listelenmi\u015f ki\u015fiye ula\u015faca\u011f\u0131 varsay\u0131labilmektedir. Bu varsay\u0131m, varl\u0131klar\u0131n\u0131n bir k\u0131sm\u0131n\u0131n veya tamam\u0131n\u0131n listelenmi\u015f ki\u015finin kontrol&uuml; d\u0131\u015f\u0131nda oldu\u011fu ve\/veya kendisine sa\u011flanan fonlar\u0131n veya ekonomik kaynaklar\u0131n ger&ccedil;ekte listelenmi\u015f ki\u015fiye ula\u015fmayaca\u011f\u0131 kan\u0131tlanabilirse ilgili te\u015febb&uuml;s taraf\u0131ndan duruma g&ouml;re ayr\u0131 ayr\u0131 &ccedil;&uuml;r&uuml;t&uuml;lebilmektedir.<\/p>\n<p style=\"text-align:justify\">(AB) 269\/2014 say\u0131l\u0131 Konsey T&uuml;z&uuml;\u011f&uuml;&rsquo;n&uuml;n 2. Maddesi, Ek I&#39;de listelendi\u011fi &uuml;zere t&uuml;zel ki\u015filer, te\u015febb&uuml;sler veya organlar ile bunlara ba\u011fl\u0131 ger&ccedil;ek veya t&uuml;zel ki\u015filer, te\u015febb&uuml;sler veya organlar\u0131 ifade etmektedir. SSS ile, &ldquo;bunlara ba\u011fl\u0131 ger&ccedil;ek veya t&uuml;zel ki\u015fi, te\u015febb&uuml;s veya organlar\u0131n&rdquo; nerede bulunabilece\u011fi a&ccedil;\u0131klanm\u0131\u015ft\u0131r. Bu kapsamda, yaln\u0131zca (AB) 269\/2014 say\u0131l\u0131 Konsey T&uuml;z&uuml;\u011f&uuml;&#39;n&uuml;n Ek I&#39;inde &ldquo;ad&rdquo; s&uuml;tunu alt\u0131nda yer alan ki\u015fi ve te\u015febb&uuml;sler do\u011frudan varl\u0131k dondurmas\u0131na fonlar\u0131n ve ekonomik kaynaklar\u0131n kendilerine veya yararlar\u0131na kullan\u0131labilir hale getirilmesi yasa\u011f\u0131na tabidir. Ancak bu k\u0131s\u0131tlamalar, baz\u0131lar\u0131 (AB) 269\/2014 say\u0131l\u0131 Konsey T&uuml;z&uuml;\u011f&uuml;&#39;n&uuml;n Ek I&#39;inde yer alan tan\u0131mlay\u0131c\u0131 bilgiler ve\/veya nedenler s&uuml;tunlar\u0131nda belirtilen ger&ccedil;ek veya t&uuml;zel ki\u015fi, te\u015febb&uuml;s veya organlarla yap\u0131lan i\u015flemleri etkileyebilmektedir. Operat&ouml;rler, ili\u015fkili ki\u015fi veya te\u015febb&uuml;slerle ilgilenirken en y&uuml;ksek d&uuml;zeyde dikkatli olmal\u0131d\u0131r. Listelenmemi\u015f te\u015febb&uuml;slerin listelenmi\u015f ki\u015fi veya te\u015febb&uuml;slere ait oldu\u011fu veya bunlar taraf\u0131ndan kontrol edildi\u011fi varsay\u0131l\u0131rsa, bunlar\u0131n varl\u0131klar\u0131 da dondurulmal\u0131 ve kendilerine hi&ccedil;bir fon veya ekonomik kaynak sa\u011flanmamal\u0131d\u0131r. Bu varsay\u0131m, varl\u0131klar\u0131n\u0131n bir k\u0131sm\u0131n\u0131n veya tamam\u0131n\u0131n listelenmi\u015f ki\u015finin kontrol&uuml; d\u0131\u015f\u0131nda oldu\u011fu ve\/veya kendisine sa\u011flanan fonlar\u0131n veya ekonomik kaynaklar\u0131n ger&ccedil;ekte listelenmi\u015f ki\u015fiye ula\u015fmayaca\u011f\u0131 kan\u0131tlanabilirse ilgili te\u015febb&uuml;s taraf\u0131ndan duruma g&ouml;re ayr\u0131 ayr\u0131 &ccedil;&uuml;r&uuml;t&uuml;lebilmektedir.<\/p>\n<p style=\"text-align:justify\">Bununla birlikte SSS ile, yapt\u0131r\u0131mlar listesindeki ki\u015filerin sahip oldu\u011fu te\u015febb&uuml;slerin sahiplik y&uuml;zdelerinin bir listesi olmad\u0131\u011f\u0131, bunun AB kredi kurumunun uyum ve durum tespiti departmanlar\u0131n\u0131n g&ouml;revi oldu\u011fu belirtilmi\u015ftir.<\/p>\n<p style=\"text-align:justify\">Bir di\u011fer SSS, fonlar veya ekonomik kaynaklar\u0131n, listelenmi\u015f bir ki\u015fiye, sahip olmad\u0131\u011f\u0131 veya kontrol etmedi\u011fi bir te\u015febb&uuml;s arac\u0131l\u0131\u011f\u0131yla sa\u011flanm\u0131\u015f olarak kabul edilip edilemeyece\u011fi sorusuna a&ccedil;\u0131kl\u0131k getirmektedir. Bu kapsamda te\u015febb&uuml;s, listelenmi\u015f ki\u015finin m&uuml;lkiyeti veya kontrol&uuml; alt\u0131nda de\u011filse, yukar\u0131da at\u0131fta bulunulan varsay\u0131mlar te\u015febb&uuml;s i&ccedil;in ge&ccedil;erli de\u011fildir. Bu durumda, te\u015febb&uuml;s ilke olarak varl\u0131k dondurmas\u0131ndan veya kendisine fon veya ekonomik kaynak sa\u011flama yasa\u011f\u0131ndan etkilenmeyecektir. Ancak, fonlar\u0131n veya ekonomik kaynaklar\u0131n ne sahip olduklar\u0131 ne de kontrol ettikleri bir te\u015febb&uuml;s arac\u0131l\u0131\u011f\u0131yla listelenmi\u015f ki\u015filere dolayl\u0131 olarak sa\u011flanabilece\u011fi g&ouml;z ard\u0131 edilemez. Muhtemel bir yapt\u0131r\u0131m ihlali belirtileri varsa, bu durumun vaka baz\u0131nda de\u011ferlendirilmesi gerekmektedir.<\/p>\n<p style=\"text-align:justify\">Ek olarak, listelenmeden &ouml;nce, listelenmi\u015f bir ki\u015finin varl\u0131klar\u0131 listelenmemi\u015f bir &uuml;&ccedil;&uuml;nc&uuml; ki\u015fiye devredildiyse, varl\u0131klar\u0131n yine de dondurulmas\u0131 gerekip gerekmedi\u011fi sorusuna ili\u015fkin a&ccedil;\u0131klama yap\u0131lm\u0131\u015ft\u0131r. Buna g&ouml;re, (AB) 269\/2014 say\u0131l\u0131 Konsey T&uuml;z&uuml;\u011f&uuml; madde 2(1) geriye d&ouml;n&uuml;k olarak uygulanmamaktad\u0131r. Ancak, halihaz\u0131rda listelenmi\u015f ki\u015filere ait olan veya bunlar taraf\u0131ndan tutulan, sahip olunan veya kontrol edilen t&uuml;m varl\u0131klar\u0131n dondurulmas\u0131n\u0131 gerektirir. De\u011ferlendirme s\u0131ras\u0131nda, belirli varl\u0131klar\u0131n, nominal olarak bir ba\u015fkas\u0131na ait olsalar bile, listelenmi\u015f ki\u015fiye &ldquo;ait&rdquo; oldu\u011funa veya &ldquo;kontrol edildi\u011fine&rdquo; inanmak i&ccedil;in makul gerek&ccedil;eler varsa, bu varl\u0131klar\u0131n madde 2 (1) uyar\u0131nca dondurulmas\u0131 gerekmektedir. Varl\u0131klar\u0131n ne zaman devredildi\u011fi &ouml;nemli de\u011fildir.<\/p>\n<p style=\"text-align:justify\">SSS ile, listelenmi\u015f bir ki\u015finin m&uuml;lkiyeti veya kontrol&uuml; nedeniyle varl\u0131klar\u0131 dondurulan bir te\u015febb&uuml;ste AB&#39;deki hisse veya tahvil sahibinin bu hisse veya tahvilleri dondurma y&uuml;k&uuml;ml&uuml;l&uuml;\u011f&uuml;n&uuml;n olmad\u0131\u011f\u0131na de\u011finilmi\u015ftir. Zira, hisselerin sahibi listelenmi\u015f ki\u015fi de\u011fil AB operat&ouml;r&uuml; oldu\u011fundan, (AB) 269\/2014 say\u0131l\u0131 Konsey T&uuml;z&uuml;\u011f&uuml;&#39;n&uuml;n 2(1) maddesi uyar\u0131nca herhangi bir dondurma gerekli de\u011fildir.<\/p>\n<p style=\"text-align:justify\">Listelenmi\u015f bir te\u015febb&uuml;s&uuml;n hisselerinin veya tahvillerinin AB sahibinin bunlar\u0131 sat\u0131\u015f\u0131na e\u011fer sat\u0131\u015f listelenmi\u015f te\u015febb&uuml;se veya onun yarar\u0131na fon veya ekonomik kaynak sa\u011flanmas\u0131yla sonu&ccedil;lanm\u0131yorsa, izin verilmektedir. Bununla birlikte, al\u0131c\u0131n\u0131n te\u015febb&uuml;s&uuml;n kendisi veya (AB) 269\/2014 say\u0131l\u0131 Konsey T&uuml;z&uuml;\u011f&uuml;&#39;n&uuml;n 2. maddesindekiler gibi AB k\u0131s\u0131tlay\u0131c\u0131 &ouml;nlemlerinin hedef ald\u0131\u011f\u0131 ba\u015fka bir ki\u015fi olmas\u0131 yasakt\u0131r. Ayr\u0131ca, i\u015flemin, (AB) 833\/2014 say\u0131l\u0131 Konsey T&uuml;z&uuml;\u011f&uuml;&rsquo;n&uuml;n 5 veya 5e maddelerini de ihlal etmemesi gerekmektedir.<\/p>\n<p style=\"text-align:justify\">Listelenmi\u015f iki veya daha fazla ki\u015finin her biri listelenmemi\u015f bir te\u015febb&uuml;s&uuml;n az\u0131nl\u0131k hissedarlar\u0131ysa, ancak bunlar\u0131n toplam m&uuml;lkiyeti bu te\u015febb&uuml;s&uuml;n %50&#39;sinden fazlaysa, bu te\u015febb&uuml;s&uuml;n listelenmi\u015f ki\u015filere ait oldu\u011fu d&uuml;\u015f&uuml;n&uuml;lmeli mi sorusuna da a&ccedil;\u0131kl\u0131k getirilmi\u015ftir. Bu kapsamda te\u015febb&uuml;s&uuml;n toplu m&uuml;lkiyeti dikkate al\u0131nmal\u0131d\u0131r. &Ouml;rne\u011fin, listelenmi\u015f bir ki\u015fi te\u015febb&uuml;s&uuml;n %30&#39;una ve listelenmi\u015f ba\u015fka bir ki\u015fi te\u015febb&uuml;s&uuml;n %25&#39;ine sahipse, te\u015febb&uuml;s&uuml;n listelenmi\u015f ki\u015filere ait oldu\u011fu kabul edilmelidir.<\/p>\n<p style=\"text-align:justify\">Listelenmi\u015f bir ki\u015finin, listelenmi\u015f bir varl\u0131\u011f\u0131 da i&ccedil;eren bir i\u015f grubunu kontrol etti\u011fi kabul edilmektedir. Bir SSS ile, gruba ait t&uuml;m te\u015febb&uuml;slerin varl\u0131klar\u0131n\u0131n listelenmi\u015f ki\u015fi taraf\u0131ndan kontrol edildi\u011fi ve buna g&ouml;re (AB) 269\/2014 say\u0131l\u0131 Konsey T&uuml;z&uuml;\u011f&uuml;&#39;n&uuml;n 2. Maddesi kapsam\u0131nda k\u0131s\u0131tlamalara tabi oldu\u011funun kabul edilip edilmeyece\u011fi hususuna da de\u011finilmi\u015ftir. Listelenmi\u015f ki\u015finin bir b&uuml;t&uuml;n olarak grup &uuml;zerindeki kontrol&uuml; belirlenirse, sonu&ccedil; grup i&ccedil;indeki t&uuml;m ba\u011fl\u0131 te\u015febb&uuml;sleri kapsayabilecektir. Listelenmi\u015f ki\u015finin kontrol&uuml; gruptaki tek bir te\u015febb&uuml;s &uuml;zerinde belirlenirse, bu durum kendi ba\u011fl\u0131 te\u015febb&uuml;slerini etkilemekte, ancak daha geni\u015f gruptaki di\u011fer ba\u011fl\u0131 te\u015febb&uuml;slerini etkilememektedir.<\/p>\n<p style=\"text-align:justify\">Ayr\u0131ca, bir AB vatanda\u015f\u0131, listelenmi\u015f bir ki\u015finin sahibi oldu\u011fu veya onun taraf\u0131ndan kontrol edilen bir AB te\u015febb&uuml;s&uuml;ne el eme\u011fi veya entelekt&uuml;el emek sa\u011fl\u0131yorsa, bu, ekonomik kaynaklar\u0131 listelenmi\u015f ki\u015fiye dolayl\u0131 olarak sa\u011flamak olarak kabul edilebilecektir.<\/p>\n<p style=\"text-align:justify\">Bir di\u011fer SSS ise, (AB) 269\/2014 Say\u0131l\u0131 Konsey T&uuml;z&uuml;\u011f&uuml;&#39;n&uuml;n 6. maddesindeki istisnan\u0131n, listelenmi\u015f bir ki\u015finin sahibi oldu\u011fu veya kontrol etti\u011fi kabul edilen &Uuml;ye Devletlerde bulunan te\u015febb&uuml;sler taraf\u0131ndan AB vatanda\u015flar\u0131n\u0131n maa\u015flar\u0131n\u0131n &ouml;denmesine izin verilip verilmedi\u011fine a&ccedil;\u0131kl\u0131k getirmektedir. Sahip olunan veya kontrol edilen bir te\u015febb&uuml;s&uuml;n, listelenmi\u015f ki\u015fi taraf\u0131ndan kontrol edildi\u011fi varsay\u0131ld\u0131\u011f\u0131ndan dondurulan varl\u0131klar\u0131, (AB) 269\/2014 say\u0131l\u0131 Konsey T&uuml;z&uuml;\u011f&uuml;&#39;n&uuml;n 6. Maddesi uyar\u0131nca verilen izin kapsam\u0131nda; burada belirtilen ko\u015fullar\u0131n yerine getirilmesi halinde, &ouml;zellikle &ouml;demenin, ki\u015finin (AB) 269\/2014 Say\u0131l\u0131 Konsey T&uuml;z&uuml;\u011f&uuml;&#39;n&uuml;n Ek I&#39;inde listelendi\u011fi tarihten &ouml;nce yap\u0131lm\u0131\u015f bir s&ouml;zle\u015fme veya anla\u015fma veya bir y&uuml;k&uuml;ml&uuml;l&uuml;k uyar\u0131nca muaccel olmas\u0131; dondurulan fonlar\u0131n, listelenmi\u015f bir ki\u015fi veya bu durumda sahip olunan\/kontrol edilen te\u015febb&uuml;s taraf\u0131ndan bir &ouml;deme i&ccedil;in kullan\u0131lmas\u0131 ve &ouml;deme, listelenmi\u015f herhangi bir ki\u015fiye yap\u0131lmad\u0131\u011f\u0131 s&uuml;rece&nbsp; serbest b\u0131rak\u0131labilecektir.<\/p>\n<p style=\"text-align:justify\">Mevcut bir tahvil i&ccedil;in, listelenmemi\u015f te\u015febb&uuml;slerin, listelenmi\u015f te\u015febb&uuml;s&uuml;n s&ouml;zle\u015fmeden do\u011fan faiz ve anapara &ouml;deme y&uuml;k&uuml;ml&uuml;l&uuml;klerini yerine getirebilmesi i&ccedil;in &ouml;deme alma hakk\u0131na sahip olup olmad\u0131\u011f\u0131 hususunda ise, b&ouml;yle bir durumda, (AB) 269\/2014 say\u0131l\u0131 Konsey T&uuml;z&uuml;\u011f&uuml;&#39;n&uuml;n 6. Maddesi uyar\u0131nca ulusal yetkili makam taraf\u0131ndan bir izin verilmesi halinde, &ouml;demenin listelenmemi\u015f bir te\u015febb&uuml;se yap\u0131labilece\u011fi belirtilmi\u015ftir.<\/p>\n<p style=\"text-align:justify\">Varl\u0131klar\u0131 dondurma y&uuml;k&uuml;ml&uuml;l&uuml;\u011f&uuml;, varl\u0131klar\u0131 elinde bulunduran kamu kurumu, bunlar\u0131n listelenmi\u015f bir ki\u015fi taraf\u0131ndan sahip olundu\u011funa veya kontrol edildi\u011fine inanmak i&ccedil;in makul gerek&ccedil;elere sahip olur olmaz devreye girmektedir. Yapt\u0131r\u0131mlar\u0131n derhal uygulanmas\u0131, varl\u0131k ka&ccedil;\u0131\u015f\u0131n\u0131 &ouml;nlemenin anahtar\u0131d\u0131r. Bununla birlikte, nihai intifa hakk\u0131n\u0131n kesin bir de\u011ferlendirmesini sa\u011flayan daha fazla bilgi ve ara\u015ft\u0131rma ara&ccedil;lar\u0131na sahip olabilecek mali yapt\u0131r\u0131mlar\u0131n uygulanmas\u0131ndan sorumlu makam ile koordinasyonun sa\u011flanmas\u0131 tavsiye edilmektedir.<\/p>\n<p style=\"text-align:justify\">Genel olarak yapt\u0131r\u0131mlar ve &ouml;zel olarak varl\u0131klar\u0131n dondurulmas\u0131 kamula\u015ft\u0131rma gerektirmemekte ve ge&ccedil;ici niteliktedir. Ayr\u0131ca, donmu\u015f varl\u0131klar\u0131 elinde bulunduran AB operat&ouml;rleri ve kurumlar\u0131, listelenmi\u015f ki\u015fi &uuml;zerinde, k\u0131s\u0131tlay\u0131c\u0131 tedbirlerin ama&ccedil;lar\u0131n\u0131n &ouml;tesine ge&ccedil;en orant\u0131s\u0131z bir &ouml;nyarg\u0131ya neden olan sonu&ccedil;lardan ka&ccedil;\u0131nmal\u0131d\u0131r. Durum baz\u0131nda bu amac\u0131n nas\u0131l yerine getirilece\u011fini ve izlenece\u011fini belirlemek ise ulusal yetkili makam\u0131n g&ouml;revidir.<\/p>\n<p style=\"text-align:justify\">Bir &nbsp;ba\u015fka SSS ile, yetkili makamlar\u0131n, bir AB bankas\u0131nda nitelikli hisseye sahip listelenmi\u015f hissedarlarla ilgili olarak ne t&uuml;r bir &ouml;nlem almas\u0131 gerekti\u011fi a&ccedil;\u0131klanm\u0131\u015ft\u0131r. Hisseler &quot;fon&quot; olarak nitelendirilmekte ve bu nedenle, listelenmi\u015f bir ki\u015fiye aitse, sahipse, elinde bulunduruyorsa veya kontrol ediyorsa dondurulmal\u0131d\u0131r. Bu, listelenmi\u015f ki\u015finin bu paylarla ilgili herhangi bir de\u011fi\u015fikli\u011fe yol a&ccedil;abilecek herhangi bir oy hakk\u0131n\u0131 kullanmas\u0131n\u0131n da yasak oldu\u011fu anlam\u0131na gelmektedir.<\/p>\n<p style=\"text-align:justify\">Bir AB vatanda\u015f\u0131n\u0131n, listelenmi\u015f bir Rus\/Belarus te\u015febb&uuml;s&uuml;nde y&ouml;netim kurulu &uuml;yesi ve ayn\u0131 zamanda bir AB \u015firketinde y&ouml;netim kurulu &uuml;yesi olmas\u0131 halinde, bu ki\u015finin b&ouml;yle bir g&ouml;revden istifa etmesi gerekip gerekmedi\u011fi ve bir ki\u015finin listelenmi\u015f bir te\u015febb&uuml;ste y&ouml;netim kurulu &uuml;yesi olmas\u0131n\u0131n iyi bir itibar\/d&uuml;r&uuml;st olarak kabul edilip edilemeyece\u011fi sorusu da yan\u0131tlanm\u0131\u015ft\u0131r. Bu kapsamda, AB yapt\u0131r\u0131mlar\u0131n\u0131n hedeflendi\u011fi, yani yaln\u0131zca belirli bir k\u0131s\u0131tlamaya tabi olan ki\u015fi ve te\u015febb&uuml;slere uyguland\u0131klar\u0131 belirtilmi\u015ftir. Bu nedenle, listelenmi\u015f te\u015febb&uuml;slere y&ouml;nelik yapt\u0131r\u0131mlar, otomatik olarak y&ouml;netim kurulu &uuml;yelerini de kapsamamaktad\u0131r. Ancak, y&ouml;netim kurulu &uuml;yelerinin kendileri listelenmi\u015f olabilir. \u0130yi itibar\/d&uuml;r&uuml;stl&uuml;k kavramlar\u0131, AB yapt\u0131r\u0131m hukukunda tan\u0131mlanmayan belirsiz hukuki kavramlard\u0131r.<\/p>\n<p style=\"text-align:justify\">AB hukukunun ba\u015fka yerlerinde, iyi itibar kavram\u0131, kredi kurulu\u015flar\u0131n\u0131n faaliyetlerine eri\u015fim ve kredi kurulu\u015flar\u0131n\u0131n ve yat\u0131r\u0131m firmalar\u0131n\u0131n ihtiyati denetimi hakk\u0131ndaki 2013\/36 say\u0131l\u0131 Direktifin 23 (1) Maddesi ba\u011flam\u0131nda AB Adalet Divan\u0131 taraf\u0131ndan yorumlanm\u0131\u015ft\u0131r. AB Adalet Divan\u0131&rsquo;na g&ouml;re, bu kavram\u0131n kapsaml\u0131 bir tan\u0131m\u0131n\u0131n veya bu kavram\u0131n kapsam\u0131na girebilecek bir davran\u0131\u015f listesinin yoklu\u011funda, yetkili makamlar\u0131n, bir kredi kurulu\u015funda nitelikli bir pay elde etmek isteyen bir hissedar taraf\u0131ndan iyi itibar kriterinin kar\u015f\u0131lan\u0131p kar\u015f\u0131lanmad\u0131\u011f\u0131n\u0131 vaka baz\u0131nda incelemesi gerekir. Bu, ilgili ger&ccedil;eklerin, kriterin alt\u0131nda yatan sebeplerin ve bu kriterin sa\u011flamay\u0131 ama&ccedil;lad\u0131\u011f\u0131 hedeflerin dikkate al\u0131nmas\u0131n\u0131 gerektirir. Bu nedenle, hukuki kesinlik ilkesi, s&ouml;z konusu mercilerin s&ouml;z konusu kriterlerin uygulanmas\u0131nda takdir yetkisinden yararlanmalar\u0131n\u0131 engellememektedir.<\/p>\n<p style=\"text-align:justify\">Bir AB finans firmas\u0131 taraf\u0131ndan herhangi bir i\u015flevde istihdam edilen listelenmi\u015f ki\u015filerin i\u015f s&ouml;zle\u015fmesi feshedilmesi hususuna ili\u015fkin a&ccedil;\u0131klama da yap\u0131lm\u0131\u015ft\u0131r. (AB) 269\/2014 say\u0131l\u0131 Konsey T&uuml;z&uuml;\u011f&uuml;, AB operat&ouml;rlerinin do\u011frudan veya dolayl\u0131 olarak s&ouml;z konusu T&uuml;z&uuml;\u011f&uuml;n Ekinde listelenmi\u015f ki\u015filere fon veya ekonomik kaynak sa\u011flamas\u0131n\u0131 yasaklamaktad\u0131r. Prensip olarak, bir maa\u015f &ouml;demesi &quot;fon veya ekonomik kaynak sa\u011flama&quot; kategorisine girmektedir. Bununla birlikte, (AB) 269\/2014 Say\u0131l\u0131 Konsey T&uuml;z&uuml;\u011f&uuml;&#39;n&uuml;n 7(b) maddesi, &ouml;nceki bir s&ouml;zle\u015fmeden kaynaklanan y&uuml;k&uuml;ml&uuml;l&uuml;klerin yerine getirilmesi i&ccedil;in gerekliyse, &ouml;nceden izne tabi olarak fonlar\u0131n sa\u011flanabilece\u011fi bir istisna &ouml;ng&ouml;rmektedir. Listelenmi\u015f ki\u015fi bu nedenle i\u015finde kalabilir ancak maa\u015f\u0131n\u0131n dondurulacak bir hesapta &ouml;denmesi gerekecektir.<\/p>\n<p style=\"text-align:justify\">SSS ile, bir AB bankas\u0131n\u0131n hem fonlar\u0131 g&ouml;nderen hem de fonlar\u0131 alan ki\u015finin listelenmemi\u015f ki\u015filer oldu\u011funda, listelenmi\u015f bir banka arac\u0131l\u0131\u011f\u0131yla aktar\u0131lan fonlar\u0131 dondurmas\u0131 gerekip gerekmedi\u011fi de a&ccedil;\u0131klanm\u0131\u015ft\u0131r. Prensip olarak, listelenmi\u015f bir varl\u0131\u011f\u0131n t&uuml;m varl\u0131klar\u0131 dondurulmal\u0131d\u0131r. Bu, ondan gelen fonlar\u0131 ve ona giden fonlar\u0131 i&ccedil;ermektedir. Varl\u0131klar\u0131n dondurulmas\u0131na ili\u015fkin 2. madde, fonlar\u0131n listelenmi\u015f te\u015febb&uuml;s taraf\u0131ndan m&uuml;lkiyeti i&ccedil;in minimum s&uuml;re gerektirmemektedir. Bu, listelenmi\u015f bir bankadan yap\u0131lan transferlerin reddedilmemesi veya paran\u0131n g&ouml;nderene iade edilmemesi gerekti\u011fi anlam\u0131na gelir; bunun yerine, fonlar AB bankas\u0131nda bloke olarak kalmal\u0131d\u0131r. S&ouml;z konusu fonlar\u0131n serbest b\u0131rak\u0131lmas\u0131n\u0131, &ouml;rne\u011fin (AB) 269\/2014 say\u0131l\u0131 Konsey Y&ouml;netmeli\u011fi&#39;nin 6. maddesinde &ouml;ng&ouml;r&uuml;len istisna kapsam\u0131nda, s&ouml;z konusu ki\u015finin listelendi\u011fi tarihten &ouml;nce akdedilen s&ouml;zle\u015fme kapsam\u0131nda listelenmi\u015f bir ki\u015fi taraf\u0131ndan yap\u0131lan &ouml;demeye ili\u015fkin olarak ilgili ulusal yetkili makama talep etmek m&uuml;mk&uuml;n olacakt\u0131r.<\/p>\n<p style=\"text-align:justify\">Ek olarak, (AB) 269\/2014 say\u0131l\u0131 Konsey T&uuml;z&uuml;\u011f&uuml; Ek I&#39;de listelenen ki\u015filerin dondurulan hesaplar\u0131na, 7.2(b) maddesinde belirtilen istisna uyar\u0131nca temett&uuml; &ouml;denebilecektir. Bu durumda, temett&uuml;lerin de derhal dondurulmas\u0131 gerekir. Ayr\u0131ca, (AB) 833\/2014 say\u0131l\u0131 Konsey T&uuml;z&uuml;\u011f&uuml;&#39;n&uuml;n 5. maddesi uyar\u0131nca finansman yasa\u011f\u0131na tabi t&uuml;zel ki\u015filere ve te\u015febb&uuml;slere temett&uuml; &ouml;demesi yap\u0131labilecektir.<\/p>\n<p style=\"text-align:justify\">Belirlenmi\u015f bir te\u015febb&uuml;s&uuml;n, halihaz\u0131rda akdedilmi\u015f bir t&uuml;rev s&ouml;zle\u015fmesiyle ba\u011flant\u0131l\u0131 olarak s&ouml;z konusu te\u015febb&uuml;se &ouml;demeler yaparak listelenmemi\u015f bir te\u015febb&uuml;s&uuml;n teminat tamamlama &ccedil;a\u011fr\u0131s\u0131 yapmas\u0131 durumunda, bu t&uuml;r &ouml;demelerin yasaklanmas\u0131, belirlenmi\u015f te\u015febb&uuml;s taraf\u0131ndan atanm\u0131\u015f olmayan te\u015febb&uuml;se bor&ccedil;lu olunan fonlar\u0131n transferinin olmamas\u0131yla sonu&ccedil;lanacakt\u0131r. Bu, ekonomik kaynaklar\u0131n belirlenen te\u015febb&uuml;se transferi anlam\u0131na gelmektedir. &ldquo;Ekonomik kaynaklar\u0131 listelenmi\u015f te\u015febb&uuml;slere sa\u011flamak&rdquo; kavram\u0131n\u0131n AB Adalet Divan\u0131 taraf\u0131ndan geni\u015f yorumu dikkate al\u0131nd\u0131\u011f\u0131nda, bu durum, s&ouml;z konusu te\u015febb&uuml;slere kar\u015f\u0131 al\u0131nan k\u0131s\u0131tlay\u0131c\u0131 tedbirlerle uyumlu de\u011fildir. Bu nedenle, belirlenmemi\u015f kurulu\u015flar teminat alabilecektir.<\/p>\n<p style=\"text-align:justify\">Tetikleyici bir olay olmas\u0131 durumunda, &ouml;rne\u011fin taraflardan birinin teminat gereksinimini kar\u015f\u0131lamamas\u0131n\u0131n bir sonucu olarak, bir&ccedil;ok t&uuml;rev s&ouml;zle\u015fmesi, s&ouml;zle\u015fmenin di\u011fer taraf\u0131na, ikame de\u011ferinden s&ouml;zle\u015fmeyi kapatma hakk\u0131 verir. SSS, b&ouml;yle bir cebri icraya izin verilip verilmedi\u011fi sorusunu yan\u0131tlamaktad\u0131r. (AB) 269\/2014 say\u0131l\u0131 Konsey T&uuml;z&uuml;\u011f&uuml;, 2. maddeden sapma olas\u0131l\u0131\u011f\u0131n\u0131 &ouml;ng&ouml;rmektedir. 6, 6b veya 7&#39;nci maddelerde belirtilen ko\u015fullar yerine getirildi\u011fi takdirde cebri icra ger&ccedil;ekle\u015ftirilebilir. Aksi takdirde cebri icra i\u015flemi yap\u0131lmamal\u0131d\u0131r.<\/p>\n<p style=\"text-align:justify\">Gemiler de listelenmi\u015f bir ki\u015fi taraf\u0131ndan sahip olunan veya kontrol edilen t&uuml;m varl\u0131klar\u0131 kapsayan varl\u0131k dondurma kapsam\u0131na girmektedir. Bu ayn\u0131 zamanda, denizcilik hizmetleri de dahil olmak &uuml;zere hi&ccedil;bir hizmetin listelenmi\u015f ki\u015filerin sahip oldu\u011fu gemilere sa\u011flanamayaca\u011f\u0131 anlam\u0131na gelir.<\/p>\n<p style=\"text-align:justify\">AB yapt\u0131r\u0131mlar\u0131 fikri m&uuml;lkiyet haklar\u0131na da uygulanabilmektedir. AB, bir dizi ger&ccedil;ek ve t&uuml;zel ki\u015fiyi yapt\u0131r\u0131mlara tabi olarak belirlemi\u015ftir. Listelenen ki\u015filere do\u011frudan veya dolayl\u0131 olarak ait olan, bu ki\u015filerin elinde bulunan veya kontrol edilen t&uuml;m fonlar ve ekonomik kaynaklar dondurulmal\u0131d\u0131r.<\/p>\n<p style=\"text-align:justify\">Uygulamada, AB&#39;de i\u015f yapan herhangi bir AB ki\u015fisi, kamu kurumu ve ki\u015fi, bu dondurulan fonlar veya kaynaklarla ilgili herhangi bir transfer, de\u011fi\u015fiklik, eri\u015fim, kullan\u0131m veya di\u011fer i\u015flemlere engel olmal\u0131d\u0131r. &Ouml;zellikle, listelenen bir ki\u015finin ekonomik kaynaklar\u0131n\u0131n dondurulmas\u0131, listelenen ki\u015finin maddi veya maddi olmayan herhangi bir varl\u0131\u011f\u0131n\u0131n ba\u015fka fonlar veya varl\u0131klar elde etmek i&ccedil;in hi&ccedil; kimse taraf\u0131ndan kullan\u0131lamayaca\u011f\u0131 anlam\u0131na gelir. Fikri m&uuml;lkiyet haklar\u0131 ekonomik kaynaklar olarak nitelendirilebilecekleri i&ccedil;in bu k\u0131s\u0131tlamaya da tabidirler. Bu, kamu kurumlar\u0131n\u0131n, listelenen bir ki\u015finin veya listelenen bir ki\u015finin sahip oldu\u011fu veya kontrol etti\u011fi bir ki\u015finin fikri m&uuml;lkiyet haklar\u0131n\u0131n kullan\u0131m\u0131na izin vermemesi gerekti\u011fi anlam\u0131na gelmektedir. AB yapt\u0131r\u0131mlar\u0131 ayr\u0131ca, listelenen ki\u015filere veya bunlar taraf\u0131ndan sahip olunan\/kontrol edilen te\u015febb&uuml;slere daha fazla fon veya ekonomik kaynak sa\u011flanmas\u0131n\u0131 da yasaklar. Bu, bu ki\u015filerle ba\u015fka bir i\u015flemin m&uuml;mk&uuml;n olmamas\u0131 demektir.<\/p>\n<p style=\"text-align:justify\">Son olarak SSS ile, varl\u0131klar\u0131n dondurulmas\u0131na ve (AB) 269\/2014 say\u0131l\u0131 Konsey T&uuml;z&uuml;\u011f&uuml; uyar\u0131nca fonlar\u0131 ve ekonomik kaynaklar\u0131 kendisine veya yarar\u0131na kullanma yasa\u011f\u0131na tabi olan bir te\u015febb&uuml;s taraf\u0131ndan ihra&ccedil; edilen menkul k\u0131ymetlerin ikincil ticaretine ili\u015fkin a&ccedil;\u0131klama yap\u0131lm\u0131\u015ft\u0131r. Buna g&ouml;re, te\u015febb&uuml;s&uuml;n (AB) 833\/2014 say\u0131l\u0131 Konsey T&uuml;z&uuml;\u011f&uuml;&#39;n&uuml;n 5. Maddesi kapsam\u0131nda menkul k\u0131ymet i\u015flemleri k\u0131s\u0131tlamalar\u0131na tabi olmad\u0131\u011f\u0131 varsay\u0131ld\u0131\u011f\u0131nda, menkul k\u0131ymetlerinin ikincil piyasada ticareti yasak olmayacakt\u0131r. \u0130kincil piyasada i\u015flem g&ouml;ren menkul k\u0131ymetler, te\u015febb&uuml;se ait, te\u015febb&uuml;s taraf\u0131ndan sahip olunan, elde tutulan veya kontrol edilen olarak kabul edilemez ve sat\u0131n al\u0131mlar\u0131, s&ouml;z konusu te\u015febb&uuml;se fon veya ekonomik kaynak sa\u011flamak olarak kabul edilemez. Bununla birlikte, (AB) 269\/2014 say\u0131l\u0131 Konsey T&uuml;z&uuml;\u011f&uuml;&#39;n&uuml;n 9. Maddesi uyar\u0131nca, amac\u0131 veya etkisi s&ouml;z konusu T&uuml;z&uuml;\u011f&uuml;n 2. maddesinde belirtilen k\u0131s\u0131tlamalar\u0131 dolanmak olan faaliyetlere bilerek ve kas\u0131tl\u0131 olarak kat\u0131lman\u0131n yasak oldu\u011fu hat\u0131rlat\u0131lm\u0131\u015ft\u0131r.<\/p>\n<p style=\"text-align:justify\">\u015eafak Herdem, Esra Temur<\/p>","protected":false},"excerpt":{"rendered":"<p>Avrupa Komisyonu (&ldquo;Komisyon&rdquo;) taraf\u0131ndan, 4 May\u0131s 2022 tarihinde Rusya&#39;n\u0131n Ukrayna&#39;ya y&ouml;nelik askeri sald\u0131rganl\u0131\u011f\u0131n\u0131n ard\u0131ndan kabul edilen yapt\u0131r\u0131mlarla ilgili varl\u0131klar\u0131n dondurulmas\u0131na &#8230; <a title=\"Avrupa Birli\u011fi Yapt\u0131r\u0131mlar\u0131: Varl\u0131klar\u0131n Dondurulmas\u0131 ve Fon ve Ekonomik Kaynak Sa\u011flama Yasa\u011f\u0131 Hakk\u0131nda S\u0131k Sorulan Sorular\" class=\"read-more\" href=\"https:\/\/herdemlaw.com\/tr-tr\/kesfetmek\/avrupa-birligi-yaptirimlari-varliklarin-dondurulmasi-ve-fon-ve-ekonomik-kaynak-saglama-yasagi-hakkinda-sik-sorulan-sorular\/\" aria-label=\"Read more about Avrupa Birli\u011fi Yapt\u0131r\u0131mlar\u0131: Varl\u0131klar\u0131n Dondurulmas\u0131 ve Fon ve Ekonomik Kaynak Sa\u011flama Yasa\u011f\u0131 Hakk\u0131nda S\u0131k Sorulan Sorular\">Read more<\/a><\/p>","protected":false},"author":1,"featured_media":7259,"comment_status":"closed","ping_status":"closed","sticky":false,"template":"","format":"standard","meta":{"footnotes":""},"categories":[23],"tags":[],"class_list":["post-1387","post","type-post","status-publish","format-standard","has-post-thumbnail","hentry","category-uluslararasi-ticaret","masonry-post","generate-columns","tablet-grid-50","mobile-grid-100","grid-parent","grid-33"],"aioseo_notices":[],"_links":{"self":[{"href":"https:\/\/herdemlaw.com\/tr-tr\/wp-json\/wp\/v2\/posts\/1387","targetHints":{"allow":["GET"]}}],"collection":[{"href":"https:\/\/herdemlaw.com\/tr-tr\/wp-json\/wp\/v2\/posts"}],"about":[{"href":"https:\/\/herdemlaw.com\/tr-tr\/wp-json\/wp\/v2\/types\/post"}],"author":[{"embeddable":true,"href":"https:\/\/herdemlaw.com\/tr-tr\/wp-json\/wp\/v2\/users\/1"}],"replies":[{"embeddable":true,"href":"https:\/\/herdemlaw.com\/tr-tr\/wp-json\/wp\/v2\/comments?post=1387"}],"version-history":[{"count":1,"href":"https:\/\/herdemlaw.com\/tr-tr\/wp-json\/wp\/v2\/posts\/1387\/revisions"}],"predecessor-version":[{"id":7271,"href":"https:\/\/herdemlaw.com\/tr-tr\/wp-json\/wp\/v2\/posts\/1387\/revisions\/7271"}],"wp:featuredmedia":[{"embeddable":true,"href":"https:\/\/herdemlaw.com\/tr-tr\/wp-json\/wp\/v2\/media\/7259"}],"wp:attachment":[{"href":"https:\/\/herdemlaw.com\/tr-tr\/wp-json\/wp\/v2\/media?parent=1387"}],"wp:term":[{"taxonomy":"category","embeddable":true,"href":"https:\/\/herdemlaw.com\/tr-tr\/wp-json\/wp\/v2\/categories?post=1387"},{"taxonomy":"post_tag","embeddable":true,"href":"https:\/\/herdemlaw.com\/tr-tr\/wp-json\/wp\/v2\/tags?post=1387"}],"curies":[{"name":"wp","href":"https:\/\/api.w.org\/{rel}","templated":true}]}}