{"id":1299,"date":"2020-09-22T00:00:00","date_gmt":"2020-09-22T00:00:00","guid":{"rendered":"https:\/\/herdemlaw.com\/?p=1299"},"modified":"2025-04-07T10:49:45","modified_gmt":"2025-04-07T10:49:45","slug":"davranissal-reklamcilik-faaliyetlerinde-kisisel-veri-guvenligi-ve-uyum","status":"publish","type":"post","link":"https:\/\/herdemlaw.com\/tr-tr\/kesfetmek\/davranissal-reklamcilik-faaliyetlerinde-kisisel-veri-guvenligi-ve-uyum\/","title":{"rendered":"Davran\u0131\u015fsal Reklamc\u0131l\u0131k Faaliyetlerinde Ki\u015fisel Veri G\u00fcvenli\u011fi ve Uyum"},"content":{"rendered":"<p style=\"text-align:justify\">G&uuml;n&uuml;m&uuml;zde pek &ccedil;ok \u015firket faaliyet alanlar\u0131ndaki etkinliklerini ve marka de\u011ferlerini artt\u0131rmak ad\u0131na hedefli reklamc\u0131l\u0131k faaliyetleri s&uuml;rd&uuml;rmektedir. Bu do\u011frultuda, ilgili hedef kitlelerin belirlenmesi ve reklamlar\u0131n sunumu bak\u0131m\u0131ndan ilgili ki\u015filerin takibi ve davran\u0131\u015fsal reklamc\u0131l\u0131k &ouml;nem arz etmektedir. \u015eirketler, davran\u0131\u015fsal reklamc\u0131l\u0131k faaliyetleri kapsam\u0131nda &ccedil;o\u011funlukla &uuml;&ccedil;&uuml;nc&uuml; ki\u015fi firmalardan aralar\u0131ndaki s&ouml;zle\u015fmeye ba\u011fl\u0131 olarak dan\u0131\u015fmanl\u0131k veya uygun hedefleme ve takip arac\u0131n\u0131n kullan\u0131m\u0131 noktas\u0131nda destek almaktad\u0131r. &Ouml;zellikle e-ticaret sekt&ouml;r&uuml; bak\u0131m\u0131ndan &ouml;nem arz eden davran\u0131\u015fsal reklamc\u0131l\u0131k faaliyet alan\u0131nda, hedefleme ve takip ara&ccedil;lar\u0131n\u0131n kullan\u0131m\u0131 ki\u015fisel verilerin i\u015flenmesini gerektirmektedir. \u0130lgili reklamc\u0131l\u0131k ara&ccedil;lar\u0131 arac\u0131l\u0131\u011f\u0131 ile ki\u015fisel verilerin elde edilmesi ve i\u015flenmesi sonucu elde edilen bulgular, kullan\u0131c\u0131lara belirli parametrelere ba\u011fl\u0131 olarak farkl\u0131la\u015fan reklamlar\u0131n sunulabilmesini sa\u011flamaktad\u0131r. An\u0131lan reklamc\u0131l\u0131k ara&ccedil;lar\u0131n\u0131n kullan\u0131m\u0131 bak\u0131m\u0131ndan ise mevzuata uyum noktas\u0131nda belli ba\u015fl\u0131 &ouml;\u011feler g&ouml;z ard\u0131 edilmektedir. Bu &ccedil;al\u0131\u015fmam\u0131z kapsam\u0131nda davran\u0131\u015fsal reklamc\u0131l\u0131k uygulamalar\u0131nda a&ccedil;\u0131k r\u0131za ve &uuml;&ccedil;&uuml;nc&uuml; ki\u015fi firmalardan hizmet tedarik edilen s&ouml;zle\u015fmeler bak\u0131m\u0131ndan dikkat edilmesi gereken hususlara yer verilecektir.<\/p>\n<p style=\"text-align:justify\"><strong>\u0130\u015flenebilecek Ki\u015fisel Veriler<\/strong><\/p>\n<p style=\"text-align:justify\">Davran\u0131\u015fsal reklamc\u0131l\u0131k, bireylerin belirli bir zaman i&ccedil;indeki davran\u0131\u015flar\u0131n\u0131n g&ouml;zlemlenmesi sonucu yap\u0131lan reklam faaliyetini ifade etmektedir. \u0130lgili g&ouml;zlem sonucu elde edilen bulgular \u0131\u015f\u0131\u011f\u0131nda bireye &ouml;zel bir profil yarat\u0131l\u0131r ve bu profile uygun ilgi alanlar\u0131yla &ouml;zde\u015fle\u015fen reklamlar ilgili ki\u015filere sunulur.<\/p>\n<p style=\"text-align:justify\">Davran\u0131\u015fsal reklamc\u0131l\u0131k kapsam\u0131nda bireylerin ilgili alanlar\u0131 ile uyumlu sonu&ccedil;lar vermek ad\u0131na ki\u015fisel &ouml;zellikler, ilgi alanlar\u0131 veya tercihler gibi pek &ccedil;ok ki\u015fisel veri kullan\u0131larak ki\u015fiye ait profil zenginle\u015ftirilebilir. Bu t&uuml;r reklamc\u0131l\u0131k faaliyetlerine organizasyonlar\u0131 kapsam\u0131nda yer veren \u015firketler, ilgili ki\u015filere y&ouml;nelik bulundurduklar\u0131 hemen hemen her kategoriden veriyi ilgili profili zenginle\u015ftirmek amac\u0131yla kullanmay\u0131 arzu ederler.<\/p>\n<p style=\"text-align:justify\">\u0130lgili takibin s&uuml;jesi konumunda olan bireylerin al\u0131\u015fveri\u015f al\u0131\u015fkanl\u0131klar\u0131, s\u0131kl\u0131klar\u0131, meslek gruplar\u0131, ya\u015f aral\u0131klar\u0131, e\u011fitim d&uuml;zeyleri, cinsiyetleri, medeni durumlar\u0131 hatta anl\u0131k konumlar\u0131 gibi geni\u015f bir yelpazede yer alan ki\u015fisel verilerinin de\u011ferlendirilmesi ve ilgili ki\u015filere uygun reklamlar\u0131n sunulmas\u0131 s&ouml;z konusudur. Bu ki\u015fisel veri yelpazesi, ilgili ki\u015filerin takibinin internet ortam\u0131nda da s&uuml;rd&uuml;r&uuml;lmesi halinde, belirli internet sitelerini ziyaret s\u0131kl\u0131klar\u0131n\u0131, &uuml;r&uuml;nleri inceleme zamanlar\u0131n\u0131 da i&ccedil;erebilir. \u0130nternet ortam\u0131nda yap\u0131lan bu takip, &ccedil;o\u011funlukla &ccedil;erezler kullan\u0131larak yap\u0131lmaktad\u0131r. Elde edilen ki\u015fisel verilerin de\u011ferlendirilmesi ve uygun reklam i&ccedil;eriklerinin belirlenebilmesi a&ccedil;\u0131s\u0131ndan ise &ccedil;e\u015fitli yaz\u0131l\u0131mlar ve algoritmalar kullan\u0131lmaktad\u0131r.<\/p>\n<p style=\"text-align:justify\">Belirli bir zaman i&ccedil;indeki davran\u0131\u015flar\u0131n\u0131n g&ouml;zlemlenmesi sonucu elde edilen ki\u015fisel verilerin yan\u0131nda, ilgili ki\u015filerden do\u011frudan reklamc\u0131l\u0131k faaliyetleri kapsam\u0131nda kullan\u0131lmas\u0131 amac\u0131yla ki\u015fisel veriler de toplanmaktad\u0131r. Genellikle bu t&uuml;r veriler bireylerden belirli al\u0131\u015fveri\u015f internet sitelerine &uuml;yeliklerini tamamlarken talep edilmektedir. Ayn\u0131 zamanda veri sorumlular\u0131n\u0131n &ccedil;o\u011funlukla bir s&ouml;zle\u015fmenin kurulmas\u0131 veya ifas\u0131yla do\u011frudan do\u011fruya ilgili olmas\u0131 &ccedil;er&ccedil;evesinde t&uuml;ketici konumunda olan ilgili ki\u015filerden toplad\u0131\u011f\u0131 ki\u015fisel veriler, bu kapsamda profilin zenginle\u015ftirilmesi amac\u0131yla kullan\u0131lmas\u0131 arzu edilen ki\u015fisel verilerdir.<\/p>\n<p style=\"text-align:justify\">Her halde, ki\u015fisel verilerin reklamc\u0131l\u0131k faaliyetleri kapsam\u0131nda veri sorumlular\u0131 taraf\u0131ndan i\u015flenebilmesi, ilgili ki\u015fisel verilerin hukuka uygun olarak elde edildi\u011fi ve i\u015fleme faaliyetinin ge&ccedil;erli bir hukuki sebebe dayan\u0131larak s&uuml;rd&uuml;\u011f&uuml; hallerde m&uuml;mk&uuml;nd&uuml;r. Bu do\u011frultuda, ki\u015fisel veriler hangi y&ouml;ntemle elde edilirse edilsin, ilgili ki\u015filer reklamc\u0131l\u0131k faaliyetleri kapsam\u0131nda i\u015fleme ama&ccedil;lar\u0131na y&ouml;nelik olarak 6698 say\u0131l\u0131 Ki\u015fisel Verilerin Korunmas\u0131 Kanunu (&ldquo;6698 say\u0131l\u0131 Kanun&rdquo;) 10. maddesi kapsam\u0131nda bilgilendirilmelidir. 6698 say\u0131l\u0131 Kanun uyar\u0131nca d&uuml;zenlenen ayd\u0131nlatma y&uuml;k&uuml;ml&uuml;l&uuml;\u011f&uuml;n&uuml;n yerine getirildi\u011finin ispat\u0131 veri sorumlusuna aittir. Veri sorumlular\u0131 i\u015fleme faaliyetinin dayand\u0131\u011f\u0131 hukuki sebebi de i\u015fleme faaliyetine ba\u015flamadan &ouml;nce belirlemek ve ilgili ki\u015filere a&ccedil;\u0131k&ccedil;a sunmakla y&uuml;k&uuml;ml&uuml;d&uuml;r.<\/p>\n<p style=\"text-align:justify\"><strong>Davran\u0131\u015fsal Reklamc\u0131l\u0131k ve Hukuki Sebep<\/strong><\/p>\n<p style=\"text-align:justify\">Reklamc\u0131l\u0131k amac\u0131yla yap\u0131lacak olan ki\u015fisel veri i\u015fleme faaliyetleri bak\u0131m\u0131ndan genel olarak dayan\u0131lan hukuki sebepler a&ccedil;\u0131k r\u0131za veya veri sorumlusunun me\u015fru menfaati olarak say\u0131labilir. Davran\u0131\u015fsal reklamc\u0131l\u0131k faaliyetine ve kullan\u0131lacak hedefleme, takip ara&ccedil;lar\u0131na ba\u011fl\u0131 olarak her olay baz\u0131nda yap\u0131lacak de\u011ferlendirmeler hukuki sebebin belirlenmesi a&ccedil;\u0131s\u0131ndan &ouml;nem arz etmektedir. Fakat, davran\u0131\u015fsal reklamc\u0131l\u0131k &ccedil;er&ccedil;evesindeki yap\u0131lan i\u015fleme faaliyetleri bak\u0131m\u0131ndan genellikle ilgili ki\u015filerin davran\u0131\u015flar\u0131 &uuml;zerinde yap\u0131lan takibin niteli\u011fi g&ouml;z &ouml;n&uuml;ne al\u0131nd\u0131\u011f\u0131nda ilgili ki\u015finin a&ccedil;\u0131k r\u0131zas\u0131na ba\u015fvurulmaktad\u0131r.<\/p>\n<p style=\"text-align:justify\">6698 say\u0131l\u0131 Kanun madde 5(2)(f)&rsquo;de d&uuml;zenlenen, ilgili ki\u015finin temel hak ve &ouml;zg&uuml;rl&uuml;klerine zarar vermemek kayd\u0131yla, veri sorumlusunun me\u015fru menfaatleri i&ccedil;in veri i\u015flenmesinin zorunlu olmas\u0131 hukuki sebebi &ccedil;er&ccedil;evesinde davran\u0131\u015fsal reklamc\u0131l\u0131k kapsam\u0131nda yap\u0131lacak olan takibin niteli\u011fi ve yo\u011funlu\u011funun, ilgililerin temel hak ve &ouml;zg&uuml;rl&uuml;klerine zarar verebilecek nitelikte olmas\u0131 sebebiyle a&ccedil;\u0131k r\u0131za al\u0131nmas\u0131 s&ouml;z konusu olacakt\u0131r.<\/p>\n<p style=\"text-align:justify\">Bunlar\u0131n yan\u0131nda, bireylerin davran\u0131\u015flar\u0131n\u0131n g&ouml;zlenmesi sonucu iletilmesi uygun bulunan anl\u0131k iletilerin hukuka uygun bir \u015fekilde bireylere g&ouml;nderilebilmesi i&ccedil;in 6563 Elektronik Ticaretin D&uuml;zenlenmesi Hakk\u0131nda Kanun &ccedil;er&ccedil;evesinde elektronik ticari ileti g&ouml;nderilebilmesi i&ccedil;in &ouml;ng&ouml;r&uuml;len \u015fartlara da riayet edilmesi gerekmektedir. Bu kapsamda, telefon, &ccedil;a\u011fr\u0131 merkezleri, faks, otomatik arama makineleri, ak\u0131ll\u0131 ses kaydedici sistemler, elektronik posta, k\u0131sa mesaj hizmeti gibi vas\u0131talar kullan\u0131larak elektronik ortamda ger&ccedil;ekle\u015ftirilen ve ticari ama&ccedil;larla g&ouml;nderilen veri, ses ve g&ouml;r&uuml;nt&uuml; i&ccedil;erikli iletileri g&ouml;nderilebilmesi i&ccedil;in al\u0131c\u0131lardan &ouml;nceden onay al\u0131nmas\u0131 gerekmektedir.<\/p>\n<p style=\"text-align:justify\"><strong>A&ccedil;\u0131k R\u0131za<\/strong><\/p>\n<p style=\"text-align:justify\">6698 say\u0131l\u0131 Kanun kapsam\u0131nda a&ccedil;\u0131k r\u0131za, &ldquo;<em>belirli bir konuya ili\u015fkin, bilgilendirilmeye dayanan ve &ouml;zg&uuml;r iradeyle a&ccedil;\u0131klanan r\u0131za<\/em>&rdquo; olarak tan\u0131mlanm\u0131\u015ft\u0131r. \u0130lgili ki\u015filerden reklamc\u0131l\u0131k faaliyetleri kapsam\u0131nda hukuka uygun olarak a&ccedil;\u0131k r\u0131za talep edilmesi ve i\u015fleme faaliyetinin bu r\u0131zaya dayanmas\u0131 gerekli olan unsurlara dikkat edilmesini gerektirmektedir.<\/p>\n<p style=\"text-align:justify\">A&ccedil;\u0131k r\u0131zan\u0131n hukuka uygun bir \u015fekilde al\u0131nabilmesi i&ccedil;in ilgili ki\u015filerin a&ccedil;\u0131k r\u0131za beyan\u0131nda bulunduklar\u0131 anda bilgilendirilmi\u015f olmalar\u0131 gerekmektedir. Bu kapsamda 6698 say\u0131l\u0131 Kanun madde 10 kapsam\u0131ndaki ayd\u0131nlatma y&uuml;k&uuml;ml&uuml;l&uuml;\u011f&uuml; yerine getirilmeli ve Ki\u015fisel Verileri Koruma Kurumu uygulamalar\u0131 dikkate al\u0131nmal\u0131d\u0131r. \u0130lgili bilgilendirme 6698 say\u0131l\u0131 Kanun madde 10&rsquo;da d&uuml;zenlenen t&uuml;m unsurlar\u0131 i&ccedil;ermeli ve kolayca eri\u015filebilir bir platformda ilgili ki\u015filere sunulmal\u0131d\u0131r. Bilgilendirmede mu\u011flak ifadelerden ka&ccedil;\u0131n\u0131lmal\u0131 ve anla\u015f\u0131l\u0131r bir dil kullan\u0131lmal\u0131d\u0131r.<\/p>\n<p style=\"text-align:justify\">Avrupa Veri Koruma Kurulu hedefli reklamc\u0131l\u0131k uygulamalar\u0131 kapsam\u0131nda izlenen kitleler bak\u0131m\u0131ndan veri sorumlular\u0131 taraf\u0131ndan yap\u0131lan ve sadece &ldquo;<em>reklamc\u0131l\u0131k ama&ccedil;lar\u0131<\/em>&rdquo; benzeri ifadeler i&ccedil;eren bilgilendirmelerin yeterli g&ouml;r&uuml;lmedi\u011fini ifade etmi\u015ftir. \u0130lgili ki\u015filer, ki\u015fisel verileri &uuml;zerinde ger&ccedil;ekle\u015ftirilecek i\u015fleme faaliyetleri, takip sonucu toplanan ki\u015fisel verileri ile profilleme yap\u0131l\u0131p yap\u0131lmad\u0131\u011f\u0131n\u0131 ve toplanan ki\u015fisel veri kategorileri hakk\u0131nda \u015feffaf bir tutumla bilgilendirilmelidir.<\/p>\n<p style=\"text-align:justify\">Ayn\u0131 zamanda &uuml;yelik formlar\u0131n\u0131n i&ccedil;erisine yerle\u015ftirilmi\u015f olan, bir hizmetin &ouml;n \u015fart\u0131 olarak sunulan veya a&ccedil;\u0131k r\u0131za verilmemesi halinde alternatif bir y&ouml;ntem sunulmayan ve bu sebeple ger&ccedil;ek bir se&ccedil;im te\u015fkil etmeyen a&ccedil;\u0131k r\u0131zalar hukuka ayk\u0131r\u0131 kabul edilmektedir.<\/p>\n<p style=\"text-align:justify\">&Ouml;zellikle &ccedil;erezlerin kullan\u0131ld\u0131\u011f\u0131 hallerde veri sorumlular\u0131 taraf\u0131ndan s\u0131kl\u0131kla ba\u015fvurulan &ldquo;<em>internet sitemizi ziyaret ederek &ccedil;erezleri kabul etmi\u015f olursunuz<\/em>&rdquo; beyanlar\u0131 ile a&ccedil;\u0131k r\u0131za alma y&ouml;ntemleri hukuka ayk\u0131r\u0131 olarak de\u011ferlendirilmektedir. Nitekim, Avrupa Veri Koruma Kurulu&rsquo;na g&ouml;re bir internet sitesinin ola\u011fan \u015fekilde kullan\u0131m\u0131na devam edilmesi, ki\u015finin &ouml;nerilen bir ki\u015fisel veri i\u015fleme faaliyetini onaylad\u0131\u011f\u0131 veya kabul etti\u011fi \u015fekilde yorumlanamamaktad\u0131r.&nbsp; Ayr\u0131ca benzer bir perspektif ile Ki\u015fisel Verileri Koruma Kurulu 27\/02\/2020 tarihli ve 2020\/173 say\u0131l\u0131 karar &ouml;zetinde bir internet sitesini ilk defa ziyaret eden bir ki\u015finin ki\u015fisel verilerinin i\u015flenmesine a&ccedil;\u0131k r\u0131zas\u0131 olup olmayaca\u011f\u0131n\u0131n belirli olmad\u0131\u011f\u0131n\u0131n alt\u0131 &ccedil;izerek yaln\u0131zca siteye girmi\u015f olman\u0131n a&ccedil;\u0131k irade beyan\u0131 niteli\u011finde kabul edilemeyece\u011fini dile getirilmi\u015ftir.<\/p>\n<p style=\"text-align:justify\">\u0130lgili ki\u015finin a&ccedil;\u0131k r\u0131za vermeyi tercih etmedi\u011fi hallerde, ilgili davran\u0131\u015fsal reklamc\u0131l\u0131k faaliyetlerine ba\u011fl\u0131 olan takip ve hedefleme ara&ccedil;lar\u0131n\u0131n kullan\u0131lmas\u0131 hukuka ayk\u0131r\u0131 hale gelecektir. Ek olarak, davran\u0131\u015fsal reklamc\u0131l\u0131k &ccedil;er&ccedil;evesindeki i\u015fleme faaliyetine y&ouml;nelik 6698 say\u0131l\u0131 Kanun madde 10 kapsam\u0131ndaki ayd\u0131nlatma y&uuml;k&uuml;ml&uuml;l&uuml;\u011f&uuml; ve a&ccedil;\u0131k r\u0131za talebi ayr\u0131 olarak ilgili ki\u015filere sunulmal\u0131d\u0131r.<\/p>\n<p style=\"text-align:justify\"><strong>S&ouml;zle\u015fmeler Bak\u0131m\u0131ndan Dikkat Edilmesi Gereken Hususlar<\/strong><\/p>\n<p style=\"text-align:justify\">Davran\u0131\u015fsal reklamc\u0131l\u0131k faaliyetleri kapsam\u0131nda hizmet veya ara&ccedil; tedarik edilen s&ouml;zle\u015fmeler bak\u0131m\u0131ndan, ilgili tedarik&ccedil;i firman\u0131n ki\u015fisel verilere eri\u015fim yetkisini haiz oldu\u011fu hallerde ilgili firma veri i\u015fleyen konumunda olacakt\u0131r. Bu do\u011frultuda i\u015fleme ama&ccedil;lar\u0131 ve ara&ccedil;lar\u0131n\u0131 belirleyen veri sorumlusu i\u015fleme faaliyetinin g&uuml;venli\u011fini sa\u011flamakla y&uuml;k&uuml;ml&uuml;d&uuml;r. Veri i\u015fleyenin de g&uuml;venli\u011fin sa\u011flanmas\u0131 noktas\u0131nda veri sorumlusunun talimatlar\u0131n\u0131 yerine getirmesini teminen, taraflar hak ve sorumluluklar\u0131n\u0131 d&uuml;zenleyen bir ki\u015fisel veri i\u015fleme s&ouml;zle\u015fmesi imza etmelidirler. \u0130lgili ki\u015fisel veri i\u015fleme s&ouml;zle\u015fmesi ile veri sorumlusunun ilgili ki\u015filerden davran\u0131\u015fsal reklamc\u0131l\u0131k faaliyetleri kapsam\u0131nda hukuka uygun a&ccedil;\u0131k r\u0131za alarak toplad\u0131\u011f\u0131 ki\u015filer verilerin veri i\u015fleyen konumundaki tedarik&ccedil;i firma taraf\u0131ndan i\u015flenmesi veya veri i\u015fleyen konumundaki tedarik&ccedil;i firma taraf\u0131ndan ilgili ki\u015fisel verilerin elde edilmesi faaliyetinin g&uuml;venli\u011fi sa\u011flanacakt\u0131r.<\/p>\n<p style=\"text-align:justify\">Di\u011fer yandan tedarik edilen hedefleme ve takip ara&ccedil;lar\u0131n\u0131n veya dan\u0131\u015fmal\u0131\u011f\u0131n tedarik&ccedil;i firma taraf\u0131ndan ki\u015fisel verilere eri\u015fimi gerektirmemesi halinde, tedarik&ccedil;i firman\u0131n ki\u015fisel verilere her t&uuml;rl&uuml; eri\u015fimi gerekli idari ve teknik tedbirlerle s\u0131n\u0131rland\u0131r\u0131lmal\u0131d\u0131r. Nitekim, davran\u0131\u015fsal reklamc\u0131l\u0131k alan\u0131nda tedarik edilen hizmetler s\u0131kl\u0131kla rastland\u0131\u011f\u0131 &uuml;zere dan\u0131\u015fmanl\u0131k hizmeti veren veya ilgili ara&ccedil;lar\u0131n\u0131 tedarik eden firmalar taraf\u0131ndan ki\u015fisel verilere eri\u015filmesini gerektirmemektedir. \u0130lgili firmalar\u0131n davran\u0131\u015fsal reklamc\u0131l\u0131k ara&ccedil;lar\u0131n\u0131n ve stratejilerinin yerindeli\u011fine y&ouml;nelik denetlemeleri ise veri sorumlusunun g&ouml;zetiminde s&uuml;rd&uuml;r&uuml;lmeli ve s\u0131n\u0131rland\u0131r\u0131lmal\u0131d\u0131r.<\/p>\n<p style=\"text-align:justify\"><strong>Sonu&ccedil;<\/strong><\/p>\n<p style=\"text-align:justify\">Davran\u0131\u015flar reklamc\u0131l\u0131k faaliyetleri kapsam\u0131nda i\u015flenen ki\u015fisel veriler bak\u0131m\u0131ndan, veri sorumlular\u0131 6698 say\u0131l\u0131 Kanun ve ilgili mevzuat\u0131 uyar\u0131nca ilgili ki\u015fileri hukuka uygun \u015fekilde bilgilendirmeli ve &ouml;zg&uuml;r iradelerine dayal\u0131 olarak ilgili ki\u015filerin a&ccedil;\u0131k r\u0131zalar\u0131n\u0131 temin etmelidir. Veri sorumlular\u0131, davran\u0131\u015fsal reklamc\u0131l\u0131k faaliyetleri kapsam\u0131nda &uuml;&ccedil;&uuml;nc&uuml; ki\u015fi firmalardan hizmet tedarik ediyor ise, ilgili firmalar\u0131n ki\u015fisel verilere eri\u015fimi gerekli olmad\u0131\u011f\u0131 &ouml;l&ccedil;&uuml;de s\u0131n\u0131rland\u0131r\u0131lmal\u0131 ve olas\u0131 veri ihlallerinin &ouml;n&uuml;ne ge&ccedil;ilmelidir.<\/p>\n<p style=\"text-align:justify\">&nbsp;<\/p>\n<p style=\"text-align:justify\">Asl\u0131 Naz &Uuml;nl&uuml;<\/p>\n<p style=\"text-align:justify\">&nbsp;<\/p>\n<div style=\"text-align:justify\"><span style=\"font-size:9px\">Kaynak&ccedil;a<\/span><\/div>\n<div style=\"text-align:justify\"><span style=\"font-size:9px\">Article 29 Working Party, Opinion 2\/2010 on online behavioral advertising, Adopted on 22 June 2010<\/span><\/div>\n<div style=\"text-align:justify\"><span style=\"font-size:9px\">European Data Protection Board, Guidelines 8\/2020 on the targeting of social media users, Version 1.0 &#8211; version for public consultation, Adopted on 2 September 2020<\/span><\/div>\n<div style=\"text-align:justify\"><span style=\"font-size:9px\">Ki\u015fisel Verileri Koruma Kurumu, Ayd\u0131nlatma Y&uuml;k&uuml;ml&uuml;l&uuml;\u011f&uuml;n&uuml;n Yerine Getirilmesi Hakk\u0131nda Kamuoyu Duyurusu,https:\/\/www.kvkk.gov.tr\/Icerik\/6765\/AYDINLATMA-YUKUMLULUGUNUN-YERINE-GETIRILMESI-HAKKINDA-KAMUOYU-DUYURUSU<\/span><\/div>\n<div style=\"text-align:justify\"><span style=\"font-size:9px\">27\/02\/2020 tarihli ve 2020\/173 say\u0131l\u0131 Ki\u015fisel Verileri Koruma Kurulu Karar &Ouml;zeti, https:\/\/www.kvkk.gov.tr\/Icerik\/6739\/2020-173<\/span><\/div>\n<div style=\"text-align:justify\">&nbsp;<\/div>","protected":false},"excerpt":{"rendered":"<p>G&uuml;n&uuml;m&uuml;zde pek &ccedil;ok \u015firket faaliyet alanlar\u0131ndaki etkinliklerini ve marka de\u011ferlerini artt\u0131rmak ad\u0131na hedefli reklamc\u0131l\u0131k faaliyetleri s&uuml;rd&uuml;rmektedir. Bu do\u011frultuda, ilgili hedef &#8230; <a title=\"Davran\u0131\u015fsal Reklamc\u0131l\u0131k Faaliyetlerinde Ki\u015fisel Veri G\u00fcvenli\u011fi ve Uyum\" class=\"read-more\" href=\"https:\/\/herdemlaw.com\/tr-tr\/kesfetmek\/davranissal-reklamcilik-faaliyetlerinde-kisisel-veri-guvenligi-ve-uyum\/\" aria-label=\"Read more about Davran\u0131\u015fsal Reklamc\u0131l\u0131k Faaliyetlerinde Ki\u015fisel Veri G\u00fcvenli\u011fi ve Uyum\">Read more<\/a><\/p>","protected":false},"author":1,"featured_media":7573,"comment_status":"closed","ping_status":"closed","sticky":false,"template":"","format":"standard","meta":{"footnotes":""},"categories":[23],"tags":[],"class_list":["post-1299","post","type-post","status-publish","format-standard","has-post-thumbnail","hentry","category-uluslararasi-ticaret","masonry-post","generate-columns","tablet-grid-50","mobile-grid-100","grid-parent","grid-33"],"aioseo_notices":[],"_links":{"self":[{"href":"https:\/\/herdemlaw.com\/tr-tr\/wp-json\/wp\/v2\/posts\/1299","targetHints":{"allow":["GET"]}}],"collection":[{"href":"https:\/\/herdemlaw.com\/tr-tr\/wp-json\/wp\/v2\/posts"}],"about":[{"href":"https:\/\/herdemlaw.com\/tr-tr\/wp-json\/wp\/v2\/types\/post"}],"author":[{"embeddable":true,"href":"https:\/\/herdemlaw.com\/tr-tr\/wp-json\/wp\/v2\/users\/1"}],"replies":[{"embeddable":true,"href":"https:\/\/herdemlaw.com\/tr-tr\/wp-json\/wp\/v2\/comments?post=1299"}],"version-history":[{"count":1,"href":"https:\/\/herdemlaw.com\/tr-tr\/wp-json\/wp\/v2\/posts\/1299\/revisions"}],"predecessor-version":[{"id":7579,"href":"https:\/\/herdemlaw.com\/tr-tr\/wp-json\/wp\/v2\/posts\/1299\/revisions\/7579"}],"wp:featuredmedia":[{"embeddable":true,"href":"https:\/\/herdemlaw.com\/tr-tr\/wp-json\/wp\/v2\/media\/7573"}],"wp:attachment":[{"href":"https:\/\/herdemlaw.com\/tr-tr\/wp-json\/wp\/v2\/media?parent=1299"}],"wp:term":[{"taxonomy":"category","embeddable":true,"href":"https:\/\/herdemlaw.com\/tr-tr\/wp-json\/wp\/v2\/categories?post=1299"},{"taxonomy":"post_tag","embeddable":true,"href":"https:\/\/herdemlaw.com\/tr-tr\/wp-json\/wp\/v2\/tags?post=1299"}],"curies":[{"name":"wp","href":"https:\/\/api.w.org\/{rel}","templated":true}]}}