{"id":2069,"date":"2023-03-16T00:00:00","date_gmt":"2023-03-16T00:00:00","guid":{"rendered":"https:\/\/herdemlaw.com\/?p=2069"},"modified":"2025-04-10T01:34:48","modified_gmt":"2025-04-10T01:34:48","slug":"birlesik-krallik-yaptirim-yasasi-kapsaminda-listeden-cikarilma-hakkinda-ilk-dava-sonuclandi","status":"publish","type":"post","link":"https:\/\/herdemlaw.com\/en-us\/explore\/birlesik-krallik-yaptirim-yasasi-kapsaminda-listeden-cikarilma-hakkinda-ilk-dava-sonuclandi\/","title":{"rendered":"Birle\u015fik Krall\u0131k Yapt\u0131r\u0131m Yasas\u0131 Kapsam\u0131nda Listeden \u00c7\u0131kar\u0131lma Hakk\u0131nda \u0130lk Dava Sonu\u00e7land\u0131"},"content":{"rendered":"<p style=\"text-align:justify\">Birle\u015fik Krall\u0131k Y&uuml;ksek Mahkemesi, 14 Mart 2023&rsquo;te LLC Synesis (&ldquo;Synesis&rdquo;) isimli Belarus teknoloji \u015firketinin yapt\u0131r\u0131m listeleri kapsam\u0131na al\u0131nmas\u0131na ili\u015fkin itiraz\u0131n\u0131 reddetti. Hakk\u0131nda ayn\u0131 zamanda ABD ve AB yapt\u0131r\u0131mlar\u0131 da uygulanan Synesis, Belarus devletine protestocular\u0131n bast\u0131r\u0131lmas\u0131nda kullan\u0131labilecek g&uuml;venlik kamera sistemleri sa\u011flamas\u0131 nedeniyle Birle\u015fik Krall\u0131k taraf\u0131ndan listeye al\u0131nm\u0131\u015f, listeye al\u0131nma karar\u0131n\u0131n tekrar de\u011ferlendirilmesine y&ouml;nelik ba\u015fvurusu sonucunda listeden &ccedil;\u0131kar\u0131lmamas\u0131na karar verilmi\u015f ve bu karara itirazda bulunmu\u015ftu. Ba\u015fvuru Y&uuml;ksek Mahkeme taraf\u0131ndan Yapt\u0131r\u0131mlar ve Kara Para Aklamay\u0131 &Ouml;nleme Kanunu (&ldquo;Sanctions &amp; Anti-Money Laundering Act&rdquo; veya &ldquo;SAMLA&rdquo;) kapsam\u0131nda, listeden &ccedil;\u0131karmama karar\u0131 makul ve &ouml;l&ccedil;&uuml;l&uuml; bulunarak reddedildi.<\/p>\n<p style=\"text-align:justify\">Y&uuml;ksek Mahkeme&rsquo;nin karar\u0131nda gelecekte benzer konulu davalarda emsal te\u015fkil edebilecek &ouml;nemli de\u011ferlendirmelere yer verildi;<\/p>\n<p style=\"text-align:justify\">&sect;&nbsp; Birle\u015fik Krall\u0131k mevzuat\u0131nda farkl\u0131 noktalarda da yer verilen ve yapt\u0131r\u0131m listelerine ili\u015fkin kararlar i&ccedil;in de ge&ccedil;erli olan &ldquo;\u015f&uuml;phelenmek i&ccedil;in makul sebepler&rdquo; (&ldquo;reasonable grounds to suspect&rdquo;) bulunmas\u0131 kriteri de\u011ferlendirilirken Y&uuml;ksek Mahkeme taraf\u0131ndan bu kriterin k\u0131smen s&uuml;bjektif k\u0131smen objektif bir kriter oldu\u011fu belirtilmi\u015ftir. Yine Y&uuml;ksek Mahkeme de\u011ferlendirmesinde bu kriter &ccedil;er&ccedil;evesinde ilgili karar merciinin bilgisi dahilinde olan veya makul bir soru\u015fturma ile bilgisi dahilinde olmas\u0131 gereken b&uuml;t&uuml;n bilgileri g&ouml;z &ouml;n&uuml;nde bulundurmas\u0131 gerekti\u011fini, bu &ldquo;bilgiler&rdquo;in yaln\u0131zca mahkemelerde kabul edilecek nitelikte delillerle s\u0131n\u0131rl\u0131 olmay\u0131p daha geni\u015f bir kapsam\u0131 oldu\u011funu ve \u015f&uuml;phe i&ccedil;in bir hakikate dayanma zorunlulu\u011fu bulunmay\u0131p \u015f&uuml;phenin ula\u015f\u0131labilir bilgilerin de\u011ferlendirilmesiyle ula\u015f\u0131lan bir sonu&ccedil; olmas\u0131 nedeniyle herhangi bir kan\u0131tlama standard\u0131 i&ccedil;ermedi\u011fi vurgulanm\u0131\u015ft\u0131r.<\/p>\n<p style=\"text-align:justify\">&sect;&nbsp; SAMLA B&ouml;l&uuml;m 38 kapsam\u0131nda ger&ccedil;ekle\u015ftirilen listeden &ccedil;\u0131karma talebinin tekrar de\u011ferlendirmesi i\u015flemi incelenirken Y&uuml;ksek Mahkeme&rsquo;nin kendisini karar merciinin yerine koyarak bir inceleme yapamayaca\u011f\u0131, bunun yerine Y&uuml;ksek Mahkeme&rsquo;nin rol&uuml;n&uuml;n s&ouml;z konusu karar\u0131n dayanaktan yoksun veya mant\u0131ks\u0131z olup olmad\u0131\u011f\u0131n\u0131n incelenmesi oldu\u011fu de\u011ferlendirilmi\u015ftir.<\/p>\n<p style=\"text-align:justify\">&sect;&nbsp; S&ouml;z konusu g&uuml;venlik kameras\u0131 sistemlerinin nitelikleri g&ouml;z &ouml;n&uuml;nde bulunduruldu\u011funda, sistemlerin 2019 Y&ouml;netmelikleri kapsam\u0131nda &ldquo;Belarus&#39;ta sivil toplumun ve demokratik muhalefetin bast\u0131r\u0131lmas\u0131&rdquo; faaliyetine &ldquo;katk\u0131da bulunabilme&rdquo; kriterini sa\u011flad\u0131\u011f\u0131 de\u011ferlendirilmi\u015ftir. Bu y&ouml;nden Synesis taraf\u0131ndan kamuya a&ccedil;\u0131k bilgiler &ccedil;er&ccedil;evesinde mevcut Belarus rejiminin s&ouml;z konusu sistemleri belirtilen ama&ccedil;larla kullanabilece\u011finin d&uuml;\u015f&uuml;n&uuml;lmemesinin ger&ccedil;ek&ccedil;i olmad\u0131\u011f\u0131, somut olaylar &ouml;zelinde sistemlerin bu ama&ccedil;larla kullan\u0131ld\u0131\u011f\u0131 kesin olmasa dahi daval\u0131 karar merciinin elindeki ve g&uuml;venilir g&ouml;r&uuml;len &ccedil;e\u015fitli kaynaklardan edindi\u011fi bilgiler &ccedil;er&ccedil;evesinde verdi\u011fi karar\u0131n hakl\u0131 bulundu\u011fu belirtilmi\u015ftir.<\/p>\n<p style=\"text-align:justify\">\u015eafak Herdem, Kortan G&ouml;deko\u011flu<\/p>\n<p style=\"text-align:justify\">&nbsp;<\/p>\n","protected":false},"excerpt":{"rendered":"<p>Birle\u015fik Krall\u0131k Y&uuml;ksek Mahkemesi, 14 Mart 2023&rsquo;te LLC Synesis (&ldquo;Synesis&rdquo;) isimli Belarus teknoloji \u015firketinin yapt\u0131r\u0131m listeleri kapsam\u0131na al\u0131nmas\u0131na ili\u015fkin itiraz\u0131n\u0131 &#8230; <a title=\"Birle\u015fik Krall\u0131k Yapt\u0131r\u0131m Yasas\u0131 Kapsam\u0131nda Listeden \u00c7\u0131kar\u0131lma Hakk\u0131nda \u0130lk Dava Sonu\u00e7land\u0131\" class=\"read-more\" href=\"https:\/\/herdemlaw.com\/en-us\/explore\/birlesik-krallik-yaptirim-yasasi-kapsaminda-listeden-cikarilma-hakkinda-ilk-dava-sonuclandi\/\" aria-label=\"Read more about Birle\u015fik Krall\u0131k Yapt\u0131r\u0131m Yasas\u0131 Kapsam\u0131nda Listeden \u00c7\u0131kar\u0131lma Hakk\u0131nda \u0130lk Dava Sonu\u00e7land\u0131\">Read more<\/a><\/p>\n","protected":false},"author":1,"featured_media":7102,"comment_status":"closed","ping_status":"closed","sticky":false,"template":"","format":"standard","meta":{"footnotes":""},"categories":[26],"tags":[],"class_list":["post-2069","post","type-post","status-publish","format-standard","has-post-thumbnail","hentry","category-kisisel-veri","masonry-post","generate-columns","tablet-grid-50","mobile-grid-100","grid-parent","grid-33"],"aioseo_notices":[],"_links":{"self":[{"href":"https:\/\/herdemlaw.com\/en-us\/wp-json\/wp\/v2\/posts\/2069","targetHints":{"allow":["GET"]}}],"collection":[{"href":"https:\/\/herdemlaw.com\/en-us\/wp-json\/wp\/v2\/posts"}],"about":[{"href":"https:\/\/herdemlaw.com\/en-us\/wp-json\/wp\/v2\/types\/post"}],"author":[{"embeddable":true,"href":"https:\/\/herdemlaw.com\/en-us\/wp-json\/wp\/v2\/users\/1"}],"replies":[{"embeddable":true,"href":"https:\/\/herdemlaw.com\/en-us\/wp-json\/wp\/v2\/comments?post=2069"}],"version-history":[{"count":1,"href":"https:\/\/herdemlaw.com\/en-us\/wp-json\/wp\/v2\/posts\/2069\/revisions"}],"predecessor-version":[{"id":7111,"href":"https:\/\/herdemlaw.com\/en-us\/wp-json\/wp\/v2\/posts\/2069\/revisions\/7111"}],"wp:featuredmedia":[{"embeddable":true,"href":"https:\/\/herdemlaw.com\/en-us\/wp-json\/wp\/v2\/media\/7102"}],"wp:attachment":[{"href":"https:\/\/herdemlaw.com\/en-us\/wp-json\/wp\/v2\/media?parent=2069"}],"wp:term":[{"taxonomy":"category","embeddable":true,"href":"https:\/\/herdemlaw.com\/en-us\/wp-json\/wp\/v2\/categories?post=2069"},{"taxonomy":"post_tag","embeddable":true,"href":"https:\/\/herdemlaw.com\/en-us\/wp-json\/wp\/v2\/tags?post=2069"}],"curies":[{"name":"wp","href":"https:\/\/api.w.org\/{rel}","templated":true}]}}