{"id":2018,"date":"2022-10-20T00:00:00","date_gmt":"2022-10-20T00:00:00","guid":{"rendered":"https:\/\/herdemlaw.com\/?p=2018"},"modified":"2025-04-10T01:35:11","modified_gmt":"2025-04-10T01:35:11","slug":"avrupa-komisyonundan-ab-yaptirimlarinin-dolanilmasi-konusunda-aciklama","status":"publish","type":"post","link":"https:\/\/herdemlaw.com\/en-us\/explore\/avrupa-komisyonundan-ab-yaptirimlarinin-dolanilmasi-konusunda-aciklama\/","title":{"rendered":"Avrupa Komisyonu\u2019ndan AB Yapt\u0131r\u0131mlar\u0131n\u0131n Dolan\u0131lmas\u0131 Konusunda A\u00e7\u0131klama"},"content":{"rendered":"<p style=\"text-align:justify\">Avrupa Komisyonu D\u0131\u015f \u0130li\u015fkiler ve G&uuml;venlik Politikalar\u0131 Y&uuml;ksek Temsilcisi Josep Borrell Avrupa Birli\u011fi yapt\u0131r\u0131mlar\u0131n\u0131n dolan\u0131lmas\u0131na y&ouml;nelik te\u015febb&uuml;slere ili\u015fkin yapt\u0131\u011f\u0131 a&ccedil;\u0131klamada;<\/p>\n<ul>\n<li style=\"text-align:justify\">Ki\u015fi, varl\u0131\u011f\u0131n\u0131n m&uuml;lkiyetini AB taraf\u0131ndan yapt\u0131r\u0131m uygulanmadan &ouml;nce devrederse, bu durumun yapt\u0131r\u0131mlar\u0131n ihlali anlam\u0131na gelmedi\u011fini,<\/li>\n<li style=\"text-align:justify\">Ki\u015finin, yapt\u0131r\u0131m listesinde belirtilmesinden sonra varl\u0131\u011f\u0131 elinde bulundurmas\u0131 halinde, varl\u0131\u011f\u0131n\u0131n dondurulaca\u011f\u0131n\u0131,<\/li>\n<li style=\"text-align:justify\">Uygulanacak yapt\u0131r\u0131mlar\u0131n etkisinden ka&ccedil;\u0131nmak i&ccedil;in yapt\u0131r\u0131mlardan &ouml;nce olu\u015fturulan planlara dahil olman\u0131n, AB yapt\u0131r\u0131mlar\u0131n\u0131n doland\u0131r\u0131lmas\u0131 anlam\u0131na gelebilece\u011fini,<\/li>\n<li style=\"text-align:justify\">Komisyonun, yapt\u0131r\u0131mlar\u0131 atlatma amac\u0131 ta\u015f\u0131yan uygulamalar\u0131 ara\u015ft\u0131raca\u011f\u0131n\u0131 ifade etmi\u015ftir.<\/li>\n<\/ul>\n<p style=\"text-align:justify\">Bu konu &ouml;zellikle Avrupa Birli\u011fi&rsquo;nin Rusya&rsquo;ya y&ouml;nelik 8. yapt\u0131r\u0131m d&uuml;zenlemesi kapsam\u0131nda yapt\u0131r\u0131mlar\u0131n dolan\u0131lmas\u0131na ili\u015fkin yeni bir listeleme y&ouml;nteminin getirilerek Avrupa Birli\u011fi taraf\u0131ndan da Amerika Birle\u015fik Devletleri benzeri \u015fekilde ikincil yapt\u0131r\u0131m rejiminin &ouml;n &ccedil;al\u0131\u015fmalar\u0131 kapsam\u0131nda &ouml;nem ta\u015f\u0131maktad\u0131r.<\/p>\n<p style=\"text-align:justify\">\u015eafak Herdem, Elif Ergenekon<\/p>\n","protected":false},"excerpt":{"rendered":"<p>Avrupa Komisyonu D\u0131\u015f \u0130li\u015fkiler ve G&uuml;venlik Politikalar\u0131 Y&uuml;ksek Temsilcisi Josep Borrell Avrupa Birli\u011fi yapt\u0131r\u0131mlar\u0131n\u0131n dolan\u0131lmas\u0131na y&ouml;nelik te\u015febb&uuml;slere ili\u015fkin yapt\u0131\u011f\u0131 a&ccedil;\u0131klamada; &#8230; <a title=\"Avrupa Komisyonu\u2019ndan AB Yapt\u0131r\u0131mlar\u0131n\u0131n Dolan\u0131lmas\u0131 Konusunda A\u00e7\u0131klama\" class=\"read-more\" href=\"https:\/\/herdemlaw.com\/en-us\/explore\/avrupa-komisyonundan-ab-yaptirimlarinin-dolanilmasi-konusunda-aciklama\/\" aria-label=\"Read more about Avrupa Komisyonu\u2019ndan AB Yapt\u0131r\u0131mlar\u0131n\u0131n Dolan\u0131lmas\u0131 Konusunda A\u00e7\u0131klama\">Read more<\/a><\/p>\n","protected":false},"author":1,"featured_media":7122,"comment_status":"closed","ping_status":"closed","sticky":false,"template":"","format":"standard","meta":{"footnotes":""},"categories":[25],"tags":[],"class_list":["post-2018","post","type-post","status-publish","format-standard","has-post-thumbnail","hentry","category-havacilik","masonry-post","generate-columns","tablet-grid-50","mobile-grid-100","grid-parent","grid-33"],"aioseo_notices":[],"_links":{"self":[{"href":"https:\/\/herdemlaw.com\/en-us\/wp-json\/wp\/v2\/posts\/2018","targetHints":{"allow":["GET"]}}],"collection":[{"href":"https:\/\/herdemlaw.com\/en-us\/wp-json\/wp\/v2\/posts"}],"about":[{"href":"https:\/\/herdemlaw.com\/en-us\/wp-json\/wp\/v2\/types\/post"}],"author":[{"embeddable":true,"href":"https:\/\/herdemlaw.com\/en-us\/wp-json\/wp\/v2\/users\/1"}],"replies":[{"embeddable":true,"href":"https:\/\/herdemlaw.com\/en-us\/wp-json\/wp\/v2\/comments?post=2018"}],"version-history":[{"count":1,"href":"https:\/\/herdemlaw.com\/en-us\/wp-json\/wp\/v2\/posts\/2018\/revisions"}],"predecessor-version":[{"id":7133,"href":"https:\/\/herdemlaw.com\/en-us\/wp-json\/wp\/v2\/posts\/2018\/revisions\/7133"}],"wp:featuredmedia":[{"embeddable":true,"href":"https:\/\/herdemlaw.com\/en-us\/wp-json\/wp\/v2\/media\/7122"}],"wp:attachment":[{"href":"https:\/\/herdemlaw.com\/en-us\/wp-json\/wp\/v2\/media?parent=2018"}],"wp:term":[{"taxonomy":"category","embeddable":true,"href":"https:\/\/herdemlaw.com\/en-us\/wp-json\/wp\/v2\/categories?post=2018"},{"taxonomy":"post_tag","embeddable":true,"href":"https:\/\/herdemlaw.com\/en-us\/wp-json\/wp\/v2\/tags?post=2018"}],"curies":[{"name":"wp","href":"https:\/\/api.w.org\/{rel}","templated":true}]}}