{"id":1845,"date":"2021-03-16T00:00:00","date_gmt":"2021-03-16T00:00:00","guid":{"rendered":"https:\/\/herdemlaw.com\/?p=1845"},"modified":"2025-04-07T09:57:47","modified_gmt":"2025-04-07T09:57:47","slug":"guncel-yaptirim-kararlari-mart-ii-haftasi","status":"publish","type":"post","link":"https:\/\/herdemlaw.com\/en-us\/explore\/guncel-yaptirim-kararlari-mart-ii-haftasi\/","title":{"rendered":"G\u00fcncel Yapt\u0131r\u0131m Kararlar\u0131: Mart II. Haftas\u0131"},"content":{"rendered":"<p style=\"text-align:justify\"><strong>&Ccedil;in <\/strong><\/p>\n<p style=\"text-align:justify\">ABD&#39;nin Kolombiya B&ouml;lge Mahkemesi, Xiaomi \u015firketinin 14 Ocak 2020 tarihinde ABD Savunma Bakanl\u0131\u011f\u0131 taraf\u0131ndan \u015firketin s&ouml;zde &quot;Kom&uuml;nist &Ccedil;in Askeri \u015eirketi&quot; (CCMC) listesi kapsam\u0131na al\u0131nmas\u0131na ili\u015fkin karar\u0131n ihtiyati tedbiren durdurulmas\u0131na h&uuml;kmetmi\u015ftir. \u0130\u015fbu tedbir karar\u0131n\u0131 m&uuml;teakip, ABD Hazine Bakanl\u0131\u011f\u0131 Yabanc\u0131 Varl\u0131klar\u0131 Kontrol Ofisi (&ldquo;OFAC&rdquo;) \u015firketin halka a&ccedil;\u0131k menkul k\u0131ymetlerindeki i\u015flemlere ili\u015fkin 13959 say\u0131l\u0131 Ba\u015fkanl\u0131k Emri kapsam\u0131ndaki k\u0131s\u0131tlamalar\u0131n, yasal s&uuml;recin sonuna kadar y&uuml;r&uuml;rl&uuml;\u011fe girmeyece\u011fini teyit eden bir rehber yay\u0131mlam\u0131\u015ft\u0131r.<\/p>\n<p style=\"text-align:justify\"><strong>Myanmar <\/strong><\/p>\n<p style=\"text-align:justify\">OFAC, 14014 say\u0131l\u0131 Ba\u015fkanl\u0131k Emri uyar\u0131nca Myanmar ordusunun ba\u015fkomutan\u0131n\u0131n iki yeti\u015fkin &ccedil;ocu\u011funu ve te\u015febb&uuml;slerinden alt\u0131s\u0131n\u0131 SDN listesi kapsam\u0131na alm\u0131\u015ft\u0131r. &nbsp;<\/p>\n<p style=\"text-align:justify\"><strong>ABD<\/strong><\/p>\n<p style=\"text-align:justify\">OFAC, Ocak 2021&#39;de i\u015f insan\u0131 Dan Gertler&#39;e verilen tart\u0131\u015fmal\u0131 &ouml;zel lisans d&uuml;zenlemesini iptal etmi\u015ftir. New York Times haber b&uuml;ltenine g&ouml;re OFAC, s&ouml;z konusu lisans\u0131 Trump y&ouml;netiminin son g&uuml;nlerinde &uuml;st d&uuml;zey yetkililerin bask\u0131s\u0131 alt\u0131nda d&uuml;zenlemi\u015ftir.<\/p>\n<p style=\"text-align:justify\"><strong>Demokratik Kongo Cumhuriyeti ve Mozambik <\/strong><\/p>\n<p style=\"text-align:justify\">ABD D\u0131\u015fi\u015fleri Bakanl\u0131\u011f\u0131, Demokratik Kongo Cumhuriyeti ve Mozambik&#39;teki iki I\u015e\u0130D &uuml;yesini Yabanc\u0131 Ter&ouml;r &Ouml;rg&uuml;tleri ve &Ouml;zel Olarak Belirlenmi\u015f K&uuml;resel Ter&ouml;ristler (&ldquo;SDGT&rdquo;) listesi kapsam\u0131na alm\u0131\u015ft\u0131r.<\/p>\n<p style=\"text-align:justify\"><strong>Ukrayna <\/strong><\/p>\n<p style=\"text-align:justify\">ABD D\u0131\u015fi\u015fleri Bakanl\u0131\u011f\u0131, yolsuzlukla su&ccedil;lanan eski bir Ukraynal\u0131 yetkili olan Ihor Kolomoyskyy, e\u015fi ve &ccedil;ocuklar\u0131 aleyhine D\u0131\u015fi\u015fleri Bakanl\u0131\u011f\u0131, D\u0131\u015f Operasyonlar ve \u0130lgili Programlar Tahsisleri Yasas\u0131 uyar\u0131nca vize yasaklar\u0131 a&ccedil;\u0131klam\u0131\u015ft\u0131r. Bununla birlikte, ABD D\u0131\u015fi\u015fleri Bakanl\u0131\u011f\u0131 ayr\u0131ca \u0130ran Devrim Muhaf\u0131zlar\u0131 Ordusu (&ldquo;IRGC&rdquo;) i&ccedil;in mahkumlara kar\u015f\u0131 insan haklar\u0131 ihlalleri yapmakla su&ccedil;lanan iki sorgu g&ouml;revlisini vize yasaklar\u0131 kapsam\u0131na alm\u0131\u015ft\u0131r.<\/p>\n<p style=\"text-align:justify\">\u015eafak Herdem, Ezgi Ceren Aydo\u011fmu\u015f&nbsp;<\/p>\n<p style=\"text-align:justify\">&nbsp;<\/p>\n","protected":false},"excerpt":{"rendered":"<p>&Ccedil;in ABD&#39;nin Kolombiya B&ouml;lge Mahkemesi, Xiaomi \u015firketinin 14 Ocak 2020 tarihinde ABD Savunma Bakanl\u0131\u011f\u0131 taraf\u0131ndan \u015firketin s&ouml;zde &quot;Kom&uuml;nist &Ccedil;in Askeri &#8230; <a title=\"G\u00fcncel Yapt\u0131r\u0131m Kararlar\u0131: Mart II. Haftas\u0131\" class=\"read-more\" href=\"https:\/\/herdemlaw.com\/en-us\/explore\/guncel-yaptirim-kararlari-mart-ii-haftasi\/\" aria-label=\"Read more about G\u00fcncel Yapt\u0131r\u0131m Kararlar\u0131: Mart II. Haftas\u0131\">Read more<\/a><\/p>\n","protected":false},"author":1,"featured_media":7478,"comment_status":"closed","ping_status":"closed","sticky":false,"template":"","format":"standard","meta":{"footnotes":""},"categories":[27],"tags":[],"class_list":["post-1845","post","type-post","status-publish","format-standard","has-post-thumbnail","hentry","category-gelisen-teknoloji","masonry-post","generate-columns","tablet-grid-50","mobile-grid-100","grid-parent","grid-33"],"aioseo_notices":[],"_links":{"self":[{"href":"https:\/\/herdemlaw.com\/en-us\/wp-json\/wp\/v2\/posts\/1845","targetHints":{"allow":["GET"]}}],"collection":[{"href":"https:\/\/herdemlaw.com\/en-us\/wp-json\/wp\/v2\/posts"}],"about":[{"href":"https:\/\/herdemlaw.com\/en-us\/wp-json\/wp\/v2\/types\/post"}],"author":[{"embeddable":true,"href":"https:\/\/herdemlaw.com\/en-us\/wp-json\/wp\/v2\/users\/1"}],"replies":[{"embeddable":true,"href":"https:\/\/herdemlaw.com\/en-us\/wp-json\/wp\/v2\/comments?post=1845"}],"version-history":[{"count":1,"href":"https:\/\/herdemlaw.com\/en-us\/wp-json\/wp\/v2\/posts\/1845\/revisions"}],"predecessor-version":[{"id":7486,"href":"https:\/\/herdemlaw.com\/en-us\/wp-json\/wp\/v2\/posts\/1845\/revisions\/7486"}],"wp:featuredmedia":[{"embeddable":true,"href":"https:\/\/herdemlaw.com\/en-us\/wp-json\/wp\/v2\/media\/7478"}],"wp:attachment":[{"href":"https:\/\/herdemlaw.com\/en-us\/wp-json\/wp\/v2\/media?parent=1845"}],"wp:term":[{"taxonomy":"category","embeddable":true,"href":"https:\/\/herdemlaw.com\/en-us\/wp-json\/wp\/v2\/categories?post=1845"},{"taxonomy":"post_tag","embeddable":true,"href":"https:\/\/herdemlaw.com\/en-us\/wp-json\/wp\/v2\/tags?post=1845"}],"curies":[{"name":"wp","href":"https:\/\/api.w.org\/{rel}","templated":true}]}}