{"id":1755,"date":"2020-08-28T00:00:00","date_gmt":"2020-08-28T00:00:00","guid":{"rendered":"https:\/\/herdemlaw.com\/?p=1755"},"modified":"2025-04-07T10:54:56","modified_gmt":"2025-04-07T10:54:56","slug":"ileti-yonetim-sistemine-iliskin-tarihler-ertelendi","status":"publish","type":"post","link":"https:\/\/herdemlaw.com\/en-us\/explore\/ileti-yonetim-sistemine-iliskin-tarihler-ertelendi\/","title":{"rendered":"\u0130leti Y\u00f6netim Sistemi\u2019ne \u0130li\u015fkin Tarihler Ertelendi"},"content":{"rendered":"<p style=\"text-align:justify\">28 A\u011fustos 2020 tarihinde Resmi Gazete&rsquo;de yay\u0131mlanan Ticari \u0130leti\u015fim ve Ticari Elektronik \u0130letiler Hakk\u0131nda Y&ouml;netmelikte De\u011fi\u015fiklik Yap\u0131lmas\u0131na Dair Y&ouml;netmelik (&ldquo;28 A\u011fustos 2020 tarihli Y&ouml;netmelik&rdquo;) ile Ticari \u0130leti\u015fim ve Ticari Elektronik \u0130letiler Hakk\u0131nda Y&ouml;netmelik (&ldquo;Y&ouml;netmelik&rdquo;) kapsam\u0131nda al\u0131nan onaylar\u0131n Ticari Elektronik \u0130leti Y&ouml;netim Sistemi&rsquo;ne (&ldquo;\u0130YS&rdquo;) y&uuml;klemesi i&ccedil;in &ouml;ng&ouml;r&uuml;len son tarih 1 Eyl&uuml;l 2020 tarihinden 1 Aral\u0131k 2020 tarihine ertelendi.<\/p>\n<p style=\"text-align:justify\">\u0130lgili onaylar\u0131n sisteme y&uuml;klenmesinden sonra \u0130YS &uuml;zerinden vatanda\u015flar\u0131n y&uuml;klenen onaylar\u0131 kontrol etmesi i&ccedil;in &ouml;ng&ouml;r&uuml;len son tarih ise 16 Ocak 2021&rsquo;e ertelendi. \u0130lgili s&uuml;renin bitiminden sonra sistemdeki mevcut kay\u0131tlar do\u011frultusunda g&ouml;nderilen ticari elektronik iletiler onayl\u0131 kabul edilecek.<\/p>\n<p style=\"text-align:justify\">Vatanda\u015flar taraf\u0131ndan kontrol s&uuml;recinin ba\u015flamas\u0131 i&ccedil;in 1 Aral\u0131k 2020 tarihinden sonra \u0130YS taraf\u0131ndan sistemde kay\u0131tl\u0131 vatanda\u015flara onaylar\u0131n \u0130YS&rsquo;ye y&uuml;klendi\u011fi ve 16 Ocak 2021 tarihine kadar kontrol edilmedi\u011fi takdirde bu onaylar\u0131n ge&ccedil;erli say\u0131laca\u011f\u0131 ve reddetme imkan\u0131n\u0131n \u0130YS &uuml;zerinden kullan\u0131labilece\u011fi bilgisini i&ccedil;eren bir ileti g&ouml;nderilecek.<\/p>\n<p style=\"text-align:justify\">\u0130lgili de\u011fi\u015fiklikle Ticaret Bakanl\u0131\u011f\u0131 bu tarihleri hizmet sa\u011flay\u0131c\u0131lar\u0131n niteli\u011fi ve ticari elektronik ileti onay say\u0131lar\u0131n\u0131n b&uuml;y&uuml;kl&uuml;\u011f&uuml;n&uuml; g&ouml;z &ouml;n&uuml;nde alarak alt\u0131 ay ertelemeye yetkili k\u0131l\u0131nd\u0131.<\/p>\n<p style=\"text-align:justify\">Ayr\u0131ca 4 Ocak 2020 tarihli Resmi Gazete&rsquo;de Ticari \u0130leti\u015fim ve Ticari Elektronik \u0130letiler Hakk\u0131nda Y&ouml;netmelikte De\u011fi\u015fiklik Yap\u0131lmas\u0131na Dair Y&ouml;netmelik (&ldquo;4 Ocak 2020 tarihli Y&ouml;netmelik&rdquo;) h&uuml;k&uuml;mlerinde yer alan ve hen&uuml;z y&uuml;r&uuml;rl&uuml;\u011fe girmemi\u015f \u0130YS&rsquo;ye ili\u015fkin h&uuml;k&uuml;mlerin y&uuml;r&uuml;rl&uuml;k tarihi de 16 Ocak 2021&rsquo;e ertelendi.<\/p>\n<p style=\"text-align:justify\"><strong>Hizmet Sa\u011flay\u0131c\u0131 ve Ticari Elektronik \u0130leti Nedir?<\/strong><\/p>\n<p style=\"text-align:justify\">6563 say\u0131l\u0131 Elektronik Ticaretin D&uuml;zenlenmesi Hakk\u0131nda Kanun ve Y&ouml;netmelik&rsquo;te hizmet sa\u011flay\u0131c\u0131, &quot;elektronik ticaret faaliyetinde bulunan ger&ccedil;ek veya t&uuml;zel ki\u015fi&quot; olarak tan\u0131mlanm\u0131\u015f olup elektronik ticaret ise &quot;fiziki olarak kar\u015f\u0131 kar\u015f\u0131ya gelmeksizin elektronik ortamda ger&ccedil;ekle\u015ftirilen &ccedil;evrimi&ccedil;i iktisadi ve ticari her t&uuml;rl&uuml; faaliyet&quot; olarak tan\u0131mlanm\u0131\u015ft\u0131r.<\/p>\n<p style=\"text-align:justify\">Bu kapsamda &ldquo;telefon, &ccedil;a\u011fr\u0131 merkezleri, faks, otomatik arama makineleri, ak\u0131ll\u0131 ses kaydedici sistemler, elektronik posta, k\u0131sa mesaj hizmeti gibi vas\u0131talar kullan\u0131larak elektronik ortamda ger&ccedil;ekle\u015ftirilen ve ticari ama&ccedil;larla g&ouml;nderilen veri, ses ve g&ouml;r&uuml;nt&uuml; i&ccedil;erikli iletiler&rdquo; ticari elektronik iletidir. Ticari i\u015fletmenin tan\u0131n\u0131rl\u0131\u011f\u0131n\u0131 artt\u0131rmak amac\u0131yla g&ouml;nderilen SMS&rsquo;ler, yap\u0131lan &ccedil;a\u011fr\u0131lar, kampanya bilgilendirmelerinin t&uuml;m&uuml; ticari elektronik ileti say\u0131lmaktad\u0131r.<\/p>\n<p style=\"text-align:justify\"><strong>\u0130YS nedir?<\/strong><\/p>\n<p style=\"text-align:justify\">4 Ocak 2020 tarihli Y&ouml;netmelik ile hizmet sa\u011flay\u0131c\u0131lar\u0131n arama, mesaj ve e-posta gibi farkl\u0131 tipte ileti onaylar\u0131n\u0131 saklay\u0131p y&ouml;netebilecekleri, al\u0131c\u0131lar\u0131n ise verdikleri onaylar\u0131 g&ouml;r&uuml;nt&uuml;leyip kald\u0131rabilecekleri ve izinsiz ileti g&ouml;nderimlerini \u015fikayet edebilecekleri ulusal bir sistem olan \u0130YS mevzuata eklendi.<\/p>\n<p style=\"text-align:justify\">\u0130YS, 6563 say\u0131l\u0131 Elektronik Ticaretin D&uuml;zenlenmesi Hakk\u0131nda Kanun &ccedil;er&ccedil;evesinde Ticaret Bakanl\u0131\u011f\u0131 taraf\u0131ndan g&ouml;revlendirilmi\u015f T&uuml;rkiye Odalar ve Borsalar Birli\u011fi&#39;nce geli\u015ftirilen ticari elektronik ileti izinlerinin ve \u015fikayet s&uuml;re&ccedil;lerinin y&ouml;netilmesinin ama&ccedil;land\u0131\u011f\u0131 ulusal bir platformdur. Y&ouml;netmelik&rsquo;in 5. maddesinde yap\u0131lan de\u011fi\u015fiklikle &quot;ticari ileti g&ouml;ndermek isteyen ger&ccedil;ek ve t&uuml;zel ki\u015filerin \u0130YS&rsquo;ye kay\u0131t olmas\u0131 gerekti\u011fi&quot; h&uuml;kme ba\u011flanm\u0131\u015f ve \u0130YS &uuml;zerinde onay kayd\u0131 bulunmayan al\u0131c\u0131lara ticari elektronik ileti g&ouml;nderilemeyece\u011fi belirtilmi\u015ftir.<\/p>\n<p style=\"text-align:justify\">Asl\u0131 Naz &Uuml;nl&uuml;&nbsp;<\/p>\n","protected":false},"excerpt":{"rendered":"<p>28 A\u011fustos 2020 tarihinde Resmi Gazete\u2019de yay\u0131mlanan Ticari \u0130leti\u015fim ve Ticari Elektronik \u0130letiler Hakk\u0131nda Y\u00f6netmelikte De\u011fi\u015fiklik Yap\u0131lmas\u0131na Dair Y\u00f6netmelik (\u201c28 A\u011fustos 2020 tarihli Y\u00f6netmelik\u201d) ile Ticari \u0130leti\u015fim ve Ticari Elektronik \u0130letiler Hakk\u0131nda Y\u00f6netmelik (\u201cY\u00f6netmelik\u201d) kapsam\u0131nda al\u0131nan onaylar\u0131n Ticari Elektronik \u0130leti Y\u00f6netim Sistemi\u2019ne (\u201c\u0130YS\u201d) y\u00fcklemesi i\u00e7in \u00f6ng\u00f6r\u00fclen son tarih 1 Eyl\u00fcl 2020 tarihinden 1 Aral\u0131k 2020 tarihine ertelendi.<\/p>\n","protected":false},"author":1,"featured_media":7587,"comment_status":"closed","ping_status":"closed","sticky":false,"template":"","format":"standard","meta":{"footnotes":""},"categories":[23],"tags":[],"class_list":["post-1755","post","type-post","status-publish","format-standard","has-post-thumbnail","hentry","category-uluslararasi-ticaret","masonry-post","generate-columns","tablet-grid-50","mobile-grid-100","grid-parent","grid-33"],"aioseo_notices":[],"_links":{"self":[{"href":"https:\/\/herdemlaw.com\/en-us\/wp-json\/wp\/v2\/posts\/1755","targetHints":{"allow":["GET"]}}],"collection":[{"href":"https:\/\/herdemlaw.com\/en-us\/wp-json\/wp\/v2\/posts"}],"about":[{"href":"https:\/\/herdemlaw.com\/en-us\/wp-json\/wp\/v2\/types\/post"}],"author":[{"embeddable":true,"href":"https:\/\/herdemlaw.com\/en-us\/wp-json\/wp\/v2\/users\/1"}],"replies":[{"embeddable":true,"href":"https:\/\/herdemlaw.com\/en-us\/wp-json\/wp\/v2\/comments?post=1755"}],"version-history":[{"count":1,"href":"https:\/\/herdemlaw.com\/en-us\/wp-json\/wp\/v2\/posts\/1755\/revisions"}],"predecessor-version":[{"id":7593,"href":"https:\/\/herdemlaw.com\/en-us\/wp-json\/wp\/v2\/posts\/1755\/revisions\/7593"}],"wp:featuredmedia":[{"embeddable":true,"href":"https:\/\/herdemlaw.com\/en-us\/wp-json\/wp\/v2\/media\/7587"}],"wp:attachment":[{"href":"https:\/\/herdemlaw.com\/en-us\/wp-json\/wp\/v2\/media?parent=1755"}],"wp:term":[{"taxonomy":"category","embeddable":true,"href":"https:\/\/herdemlaw.com\/en-us\/wp-json\/wp\/v2\/categories?post=1755"},{"taxonomy":"post_tag","embeddable":true,"href":"https:\/\/herdemlaw.com\/en-us\/wp-json\/wp\/v2\/tags?post=1755"}],"curies":[{"name":"wp","href":"https:\/\/api.w.org\/{rel}","templated":true}]}}