{"id":1665,"date":"2018-08-04T00:00:00","date_gmt":"2018-08-04T00:00:00","guid":{"rendered":"https:\/\/herdemlaw.com\/?p=1665"},"modified":"2025-04-07T12:39:10","modified_gmt":"2025-04-07T12:39:10","slug":"abd-avrupa-birligi-arasindaki-serbest-ticaret-anlasmasinin-getirecekleri","status":"publish","type":"post","link":"https:\/\/herdemlaw.com\/en-us\/explore\/abd-avrupa-birligi-arasindaki-serbest-ticaret-anlasmasinin-getirecekleri\/","title":{"rendered":"ABD-Avrupa Birli\u011fi Aras\u0131ndaki Serbest Ticaret Anla\u015fmas\u0131\u2019n\u0131n Getirecekleri"},"content":{"rendered":"<p>Temelleri D&uuml;nya Ticaret &Ouml;rg&uuml;t&uuml; &ccedil;er&ccedil;evesinde y&uuml;r&uuml;t&uuml;len m&uuml;zakerlere uzanan ve g&ouml;r&uuml;\u015fmeleri halen s&uuml;rmekte olan ABD ile AB aras\u0131ndaki serbest ticaret anla\u015fmas\u0131 d&uuml;nya ticaretinin alaca\u011f\u0131 yeni \u015fekli belirleme a&ccedil;\u0131s\u0131ndan b&uuml;y&uuml;k &ouml;nem ta\u015f\u0131maktad\u0131r. Bu iki ekonomik g&uuml;c&uuml;n bir araya geldiklerinde d&uuml;nya ticaretinin %37&#39;lik bir b&ouml;l&uuml;m&uuml;n&uuml; tek ba\u015flar\u0131na ger&ccedil;ekle\u015ftirecekleri tahmin ediliyor. Bu&nbsp;iki ba\u015fat ekonomik akt&ouml;r aras\u0131nda ger&ccedil;ekle\u015fmekte olan m&uuml;zakereler olumlu sonu&ccedil;lan\u0131rsa, d&uuml;nyan\u0131n en b&uuml;y&uuml;k ortak pazar\u0131 kurulm\u0131u\u015f olacak.<\/p>\n<p><strong>Serbest Ticaret Anla\u015fmas\u0131 ve Hukuki Uyum &Ccedil;al\u0131\u015fmalar\u0131n\u0131n Sundu\u011fu Avantajlar<\/strong><\/p>\n<p>ABD ile AB aras\u0131nda imzalanabilecek olan bir serbest ticaret anla\u015fmas\u0131n\u0131n hem &ouml;zel \u015firketlere hemde t&uuml;keticilere &ouml;nemli avantajlar sunmas\u0131 bekleniyor. &Ouml;zellikle bir &ccedil;ok i\u015f sahas\u0131nda ABD ile AB&#39;nin yasalar\u0131n\u0131n bir birleri ile uyumlu hale getirilecek olmas\u0131 t&uuml;keticiler ad\u0131na &ouml;nemli avantjlar i&ccedil;eriyor. &Uuml;rettikleri &uuml;r&uuml;nler i&ccedil;in, ABD ve AB&#39;de farkl\u0131 standartlara tabi olmayacak olan &uuml;reticiler, &ouml;zellikle kitle t&uuml;ketimi i&ccedil;in &uuml;rettikleri &uuml;r&uuml;nlerde tek bir standartta &uuml;retim yapacaklar\u0131ndan dolay\u0131, tasar\u0131m ve &uuml;retim a\u015famalar\u0131nda bir &ccedil;ok gideri k\u0131sma imkan\u0131 yakalayacaklad\u0131r. &Ouml;rne\u011fin, hali haz\u0131rda ABD ve AB&#39;nin uygulam\u0131\u015f oldu\u011fu farkl\u0131 karbon emisyon standartlar\u0131ndan dolay\u0131, ayn\u0131 modelin karbon emisyonlar\u0131n\u0131 ABD i&ccedil;in farkl\u0131, AB i&ccedil;in farkl\u0131 olarak ayarlamak zorunda olan otomotiv end&uuml;strisi, serbest ticaret anla\u015fmas\u0131 &ccedil;er&ccedil;evesinde karbon emisyonlar ile ilgili bir uyum &ccedil;al\u0131\u015fmas\u0131 yap\u0131ld\u0131\u011f\u0131 takdirde, ortak pazar i&ccedil;in getirilmi\u015f tek bir standard\u0131 kar\u015f\u0131layacak bir model &uuml;retip, hem tasar\u0131m hem de &uuml;retim s&uuml;re&ccedil;lerinde ciddi bir tasarrufa gidebileceklerdir. Tabiki, bu gibi &ouml;rneklerin &ccedil;o\u011falmas\u0131, &uuml;reticilerin maliyetleri azaltmas\u0131na, bu da t&uuml;keticilerin bu &uuml;r&uuml;nlere daha d&uuml;\u015f&uuml;k fiyatlara sahip olmas\u0131 imkan\u0131n\u0131 getirecektir. Dolay\u0131s\u0131yla, serbest ticaret anla\u015fmas\u0131 g&ouml;r&uuml;\u015fmeleri ,iki ba\u015fat ekonomik akt&ouml;r aras\u0131nda olumlu bir \u015fekilde sonu&ccedil;land\u0131\u011f\u0131 takdirde, beklenti enflasyonda bir d&uuml;\u015f&uuml;\u015f ile paralel fiyatlar\u0131n a\u015fa\u011f\u0131ya do\u011fru revize edilmesidir. Buna ek olarak, ortak pazar uygulamalar\u0131n\u0131n ticaret hacmini geni\u015fletip, i\u015f olanaklar\u0131n\u0131 artt\u0131rmas\u0131 da beklenmektedir ki, bu da serbest ticaret anla\u015fmas\u0131n\u0131n iki taraf\u0131n halklar\u0131na yans\u0131yacak olan en somut getirisi olmas\u0131 beklenmektedir.<\/p>\n<p><strong>B&uuml;y&uuml;k \u015eirketler mi T&uuml;keticiler mi Kazan&ccedil;l\u0131?<\/strong><\/p>\n<p>Serbest ticaret anla\u015fmas\u0131n\u0131n, t&uuml;keticiye sunmu\u015f oldu\u011fu avantajlar\u0131n yan\u0131 s\u0131ra, b&uuml;y&uuml;k \u015firketler a&ccedil;\u0131s\u0131ndan getirmi\u015f oldu\u011fu avantajlarda mevcut. ABD ile k\u0131yasland\u0131\u011f\u0131nda b&uuml;y&uuml;k \u015firketlerin ekonomideki etkinliklerine &ccedil;ok daha ele\u015ftirel bakan AB&#39;de b&uuml;y&uuml;k \u015firketlerin serbest ticaret anla\u015fmas\u0131ndan baz\u0131 faydalar sa\u011flayacak olmas\u0131 kamuoyunda ciddi bir tart\u0131\u015fma yaratm\u0131\u015f olsa da, konuyu daha geni\u015f bir bak\u0131\u015f a&ccedil;\u0131s\u0131yla incelemenin faydas\u0131 var. ABD ile AB aras\u0131ndaki serbest ticaret anla\u015fmas\u0131 g&ouml;r&uuml;\u015fmelerinde de ana maddelerden bir tanesini olu\u015fturan tart\u0131\u015fma, \u015firketler h&uuml;k&uuml;metlerle ilgili sorunlar ya\u015fad\u0131klar\u0131nda bu sorunlar\u0131n hangi mahkemelerde &ccedil;&ouml;z&uuml;lece\u011fi meselesidir. Halihaz\u0131rda m&uuml;zakere edilmekte olan serbest ticaret anla\u015fmas\u0131 uyar\u0131nca, \u015firketler yerel mahkemeleri atlayarak, faaliyet g&ouml;sterdikleri h&uuml;k&uuml;metler ile ya\u015fayabilecekleri sorunlar\u0131 uluslararas\u0131 tahkime g&ouml;t&uuml;rme hakk\u0131na sahip olmalar\u0131 bekleniyor. &Ouml;zellikle AB&#39;de bir &ccedil;ok ki\u015fi, bunun b&uuml;y&uuml;k \u015firketlere verilecek olan &ouml;nemli bir imtiyaz oldu\u011funu d&uuml;\u015f&uuml;n&uuml;yor. Bu gibi hukuki garantilerin, tarihsel olarak hukukun &uuml;st&uuml;nl&uuml;\u011f&uuml;n&uuml;n tam olarak garanti alt\u0131na al\u0131nmam\u0131\u015f olan, Bat\u0131l\u0131 olmayan devletlere kar\u015f\u0131 kullan\u0131lm\u0131\u015f olmas\u0131 da bu h&uuml;k&uuml;mlerin geli\u015fmi\u015f Bat\u0131l\u0131 demokrasilerde uygulanmas\u0131na kar\u015f\u0131 bir &ouml;n yarg\u0131 olu\u015fturuyor. Ancak konuya, \u015firketler&nbsp;a&ccedil;\u0131s\u0131ndan bak\u0131ld\u0131\u011f\u0131nda, kurulduklar\u0131 ve genel merkezlerinin oldu\u011fu &uuml;lkelerin d\u0131\u015f\u0131nda b&uuml;y&uuml;k yat\u0131r\u0131m yapan bu kurumlar\u0131n, &ouml;rne\u011fin rekabet hukuku, birle\u015fme ve devralmalar gibi konularda, yerel \u015firketleri ya da h&uuml;k&uuml;metleri kay\u0131rma gibi &nbsp;bir kayg\u0131lar\u0131 olmayan uluslararas\u0131 mahkemelere ihtiya&ccedil; duymas\u0131 son derece normal kar\u015f\u0131lanmal\u0131d\u0131r. Bu gibi uluslararas\u0131 garantilerin verilmesinin, en &ouml;nemli sonu&ccedil;lar\u0131 Atlantik &ouml;tesi kar\u015f\u0131l\u0131kl\u0131 yat\u0131r\u0131mlar\u0131n artmas\u0131n\u0131n, iki ekonomik g&uuml;c&uuml;n haklar\u0131na yeni i\u015f imkanlar\u0131 yaratmas\u0131 olacakt\u0131r. Dolay\u0131s\u0131yla, bu gibi bir d&uuml;zenlemenin salt b&uuml;y&uuml;k \u015firketleri &ccedil;\u0131karlar\u0131n\u0131 korudu\u011fu iddias\u0131, artan yat\u0131r\u0131m ve buna ba\u011fl\u0131 olarak geli\u015fecek olan i\u015f imkanlar\u0131n\u0131 g&ouml;z &ouml;n&uuml;ne almad\u0131\u011f\u0131ndan dolay\u0131, t&uuml;keticiler ve halk\u0131n sa\u011flayaca\u011f\u0131 avantajlar\u0131 g&ouml;rmezden gelen bir iddiad\u0131r.<\/p>\n<p><strong>Sonu&ccedil;<\/strong><\/p>\n<p>&nbsp;<\/p>\n<p>ABD ile AB aras\u0131nda g&ouml;r&uuml;\u015fmeleri devam etmekte olan serbest ticaret anla\u015fmas\u0131 imzaland\u0131\u011f\u0131 takdirde, hem t&uuml;keticilere hem de \u015firketlere &ouml;nemli avantajlar sa\u011flayacakt\u0131r. \u0130ki ekonomik blok, bir&ccedil;ok i\u015f alan\u0131nda mevzuatlar\u0131n\u0131 bir biriyle uyumlu hale getireceklerinden dolay\u0131 ortaya &ccedil;\u0131kacak olan standardizasyon tasar\u0131m ve &uuml;retim maliyetlerinin d&uuml;\u015fmesine ve bunun nihai sonucu olarak daha d&uuml;\u015f&uuml;k bir enflasyon ve fiyatlarda genel bir d&uuml;\u015f&uuml;\u015f beklentisinin ortaya &ccedil;\u0131kmas\u0131na sebep olacakt\u0131r. Buna Atlantik &ouml;tesi ticaretin ve istihdam imkanlar\u0131n\u0131n artmas\u0131 da eklendi\u011finden, iki ekonomik g&uuml;&ccedil; aras\u0131nda imzalanabilecek olan bir serbest ticaret anla\u015fmas\u0131n\u0131 &ouml;nemi daha da iyi anla\u015f\u0131labilir. Ancak, &uuml;zerinde &ouml;nemle durulmas\u0131 gereken konu, serbest ticaret anlamas\u0131n\u0131n, b&uuml;y&uuml;k \u015firketlerin halklara ya da t&uuml;keticilere kar\u015f\u0131 kazand\u0131klar\u0131 bir mevzi olarak de\u011ferlendiren yorumlardan ka&ccedil;\u0131narak, bu anla\u015fman\u0131n b&uuml;y&uuml;k \u015firketlerin &ccedil;\u0131karlar\u0131n\u0131 koruyan h&uuml;k&uuml;mlerinin dahi, kar\u015f\u0131l\u0131kl\u0131 yat\u0131r\u0131m ve istihdam\u0131 artt\u0131rarak, nihai olarak t&uuml;ketici ve halklar\u0131n da &ccedil;\u0131karlar\u0131na hizmet etti\u011fini unutmamak ve genel &ccedil;er&ccedil;eveyi &ccedil;izerken, bir taraf\u0131n kazan\u0131rken di\u011fer taraf\u0131n kaybetti\u011fine h&uuml;kmetmeden, bu anla\u015fmadan hem b&uuml;y&uuml;k \u015firketlerin hem de ilgili &uuml;lke halklar\u0131n\u0131n beraberce kazan&ccedil;l\u0131 &ccedil;\u0131kabileceklerini g&ouml;rmektir.<\/p>\n","protected":false},"excerpt":{"rendered":"<p>Temelleri D\u00fcnya Ticaret \u00d6rg\u00fct\u00fc \u00e7er\u00e7evesinde y\u00fcr\u00fct\u00fclen m\u00fczakerlere uzanan ve g\u00f6r\u00fc\u015fmeleri halen s\u00fcrmekte olan ABD ile AB aras\u0131ndaki serbest ticaret anla\u015fmas\u0131 d\u00fcnya ticaretinin alaca\u011f\u0131 yeni \u015fekli belirleme a\u00e7\u0131s\u0131ndan b\u00fcy\u00fck \u00f6nem ta\u015f<\/p>\n","protected":false},"author":1,"featured_media":7782,"comment_status":"closed","ping_status":"closed","sticky":false,"template":"","format":"standard","meta":{"footnotes":""},"categories":[26],"tags":[],"class_list":["post-1665","post","type-post","status-publish","format-standard","has-post-thumbnail","hentry","category-kisisel-veri","masonry-post","generate-columns","tablet-grid-50","mobile-grid-100","grid-parent","grid-33"],"aioseo_notices":[],"_links":{"self":[{"href":"https:\/\/herdemlaw.com\/en-us\/wp-json\/wp\/v2\/posts\/1665","targetHints":{"allow":["GET"]}}],"collection":[{"href":"https:\/\/herdemlaw.com\/en-us\/wp-json\/wp\/v2\/posts"}],"about":[{"href":"https:\/\/herdemlaw.com\/en-us\/wp-json\/wp\/v2\/types\/post"}],"author":[{"embeddable":true,"href":"https:\/\/herdemlaw.com\/en-us\/wp-json\/wp\/v2\/users\/1"}],"replies":[{"embeddable":true,"href":"https:\/\/herdemlaw.com\/en-us\/wp-json\/wp\/v2\/comments?post=1665"}],"version-history":[{"count":1,"href":"https:\/\/herdemlaw.com\/en-us\/wp-json\/wp\/v2\/posts\/1665\/revisions"}],"predecessor-version":[{"id":7788,"href":"https:\/\/herdemlaw.com\/en-us\/wp-json\/wp\/v2\/posts\/1665\/revisions\/7788"}],"wp:featuredmedia":[{"embeddable":true,"href":"https:\/\/herdemlaw.com\/en-us\/wp-json\/wp\/v2\/media\/7782"}],"wp:attachment":[{"href":"https:\/\/herdemlaw.com\/en-us\/wp-json\/wp\/v2\/media?parent=1665"}],"wp:term":[{"taxonomy":"category","embeddable":true,"href":"https:\/\/herdemlaw.com\/en-us\/wp-json\/wp\/v2\/categories?post=1665"},{"taxonomy":"post_tag","embeddable":true,"href":"https:\/\/herdemlaw.com\/en-us\/wp-json\/wp\/v2\/tags?post=1665"}],"curies":[{"name":"wp","href":"https:\/\/api.w.org\/{rel}","templated":true}]}}