{"id":1496,"date":"2020-03-27T00:00:00","date_gmt":"2020-03-27T00:00:00","guid":{"rendered":"https:\/\/herdemlaw.com\/?p=1496"},"modified":"2025-04-07T11:40:14","modified_gmt":"2025-04-07T11:40:14","slug":"covid-19-tubitak-tan-covid-19-salgini-ile-bilimsel-mucadele-icin-proje-cagrisi","status":"publish","type":"post","link":"https:\/\/herdemlaw.com\/en-us\/explore\/covid-19-tubitak-tan-covid-19-salgini-ile-bilimsel-mucadele-icin-proje-cagrisi\/","title":{"rendered":"COVID-19: T\u00dcB\u0130TAK \u2018tan Covid-19 Salg\u0131n\u0131 ile Bilimsel M\u00fccadele i\u00e7in Proje \u00c7a\u011fr\u0131s\u0131"},"content":{"rendered":"<p style=\"text-align:justify\">Covid-19 ile m&uuml;cadele kapsam\u0131ndaki ihtiya&ccedil; dahilinde, vir&uuml;s&uuml;n te\u015fhis ve tedavisinde kullan\u0131labilecek &uuml;r&uuml;nler ile hastal\u0131klar\u0131n &ouml;nlenmesinde etkili koruyucu &uuml;r&uuml;nlerin geli\u015ftirilmesi ve destek s&uuml;re&ccedil;lerine ili\u015fkin uygulamalara y&ouml;nelik projelere odaklamak amac\u0131yla T&Uuml;B\u0130TAK taraf\u0131ndan &ouml;zel bir &ccedil;a\u011fr\u0131 a&ccedil;\u0131lm\u0131\u015ft\u0131r. 1507 kodlu &ldquo;KOB\u0130 Ar-Ge Ba\u015flang\u0131&ccedil; Destek Program\u0131&rdquo; &ccedil;er&ccedil;evesinde 2 Nisan 2020 tarihinde sona erecek olan s&ouml;z konusu &ouml;zel &ccedil;a\u011fr\u0131 kapsam\u0131nda, hastal\u0131klar\u0131n &ouml;nlenmesinde etkili koruyucu belirli &uuml;r&uuml;nlerin geli\u015ftirilmesine y&ouml;nelik konularda sunulacak Ar-Ge projelerine h\u0131zl\u0131 destek verilece\u011fi belirtilmi\u015ftir. \u0130lgili &uuml;r&uuml;nler; dezenfektanlar, maske, koruyucu k\u0131yafetler, do\u011frulama &ouml;l&ccedil;&uuml;tleri (duyarl\u0131l\u0131k, &ouml;zg&uuml;ll&uuml;k, do\u011fruluk, kesinlik, do\u011frusall\u0131k) uluslararas\u0131 kabul g&ouml;rm&uuml;\u015f s\u0131n\u0131rlar i&ccedil;erisinde olan tan\u0131 kitleri, yo\u011fun bak\u0131m &uuml;nitelerinde kullan\u0131lan cihazlar, ortam ko\u015fullar\u0131n\u0131n iyile\u015ftirilmesine y&ouml;nelik ekipmanlar, ila&ccedil;, a\u015f\u0131, salg\u0131n\u0131n do\u011frudan veya dolayl\u0131 sonu&ccedil;lar\u0131na etki edebilecek bili\u015fim uygulamalar\u0131 ve bunlar\u0131n d\u0131\u015f\u0131nda, yeni tip korona vir&uuml;s m&uuml;cadelesi ile ili\u015fkili olabilecek her t&uuml;rl&uuml; &uuml;r&uuml;n\/geli\u015fim olarak belirlenmi\u015ftir. T&Uuml;B\u0130TAK taraf\u0131ndan 26 Mart 2020 tarihinde yap\u0131lan a&ccedil;\u0131klamada, T&Uuml;B\u0130TAK KOB\u0130 Ar-Ge Ba\u015flang\u0131&ccedil; Destek Program\u0131 Uygulama Esaslar\u0131n\u0131n 14&rsquo;&uuml;nc&uuml; maddesinin ikinci f\u0131kras\u0131n\u0131n (a) bendinde belirtilen &ldquo;Program kapsam\u0131nda KOB\u0130 &ouml;l&ccedil;e\u011findeki i\u015fletmelerin en az ikisi ortakl\u0131 ba\u015fvuru olmak kayd\u0131yla ilk be\u015f projesinin desteklenmesi&rdquo; k\u0131stas\u0131n\u0131n, bu &ouml;zel &ccedil;a\u011fr\u0131da uygulanmayaca\u011f\u0131; bu &ccedil;a\u011fr\u0131 kapsam\u0131nda desteklenecek projelerin s&uuml;resinin ise&nbsp;en fazla 9 ay&nbsp;olabilece\u011fi belirtilmi\u015ftir.<\/p>\n<p style=\"text-align:justify\"><span dir=\"ltr\" lang=\"EN-US\">&nbsp;<\/span><\/p>\n<p style=\"text-align:justify\">\u0130lgili &ccedil;a\u011fr\u0131 duyurusu: <a href=\"https:\/\/tubitak.gov.tr\/sites\/default\/files\/18842\/1507-cagri_duyurusu-covid19-ile-mucadele.pdf\" rel=\"noopener\">https:\/\/tubitak.gov.tr\/sites\/default\/files\/18842\/1507-cagri_duyurusu-covid19-ile-mucadele.pdf<\/a><span style=\"font-size:1rem\">&nbsp;<\/span><\/p>\n<p>&nbsp;<\/p>\n<p style=\"text-align:justify\">&nbsp;<\/p>\n","protected":false},"excerpt":{"rendered":"<p>COVID-19: T\u00dcB\u0130TAK \u2018tan Covid-19 Salg\u0131n\u0131 ile Bilimsel M\u00fccadele i\u00e7in Proje \u00c7a\u011fr\u0131s\u0131<\/p>\n","protected":false},"author":1,"featured_media":7680,"comment_status":"closed","ping_status":"closed","sticky":false,"template":"","format":"standard","meta":{"footnotes":""},"categories":[27],"tags":[],"class_list":["post-1496","post","type-post","status-publish","format-standard","has-post-thumbnail","hentry","category-gelisen-teknoloji","masonry-post","generate-columns","tablet-grid-50","mobile-grid-100","grid-parent","grid-33"],"aioseo_notices":[],"_links":{"self":[{"href":"https:\/\/herdemlaw.com\/en-us\/wp-json\/wp\/v2\/posts\/1496","targetHints":{"allow":["GET"]}}],"collection":[{"href":"https:\/\/herdemlaw.com\/en-us\/wp-json\/wp\/v2\/posts"}],"about":[{"href":"https:\/\/herdemlaw.com\/en-us\/wp-json\/wp\/v2\/types\/post"}],"author":[{"embeddable":true,"href":"https:\/\/herdemlaw.com\/en-us\/wp-json\/wp\/v2\/users\/1"}],"replies":[{"embeddable":true,"href":"https:\/\/herdemlaw.com\/en-us\/wp-json\/wp\/v2\/comments?post=1496"}],"version-history":[{"count":1,"href":"https:\/\/herdemlaw.com\/en-us\/wp-json\/wp\/v2\/posts\/1496\/revisions"}],"predecessor-version":[{"id":7685,"href":"https:\/\/herdemlaw.com\/en-us\/wp-json\/wp\/v2\/posts\/1496\/revisions\/7685"}],"wp:featuredmedia":[{"embeddable":true,"href":"https:\/\/herdemlaw.com\/en-us\/wp-json\/wp\/v2\/media\/7680"}],"wp:attachment":[{"href":"https:\/\/herdemlaw.com\/en-us\/wp-json\/wp\/v2\/media?parent=1496"}],"wp:term":[{"taxonomy":"category","embeddable":true,"href":"https:\/\/herdemlaw.com\/en-us\/wp-json\/wp\/v2\/categories?post=1496"},{"taxonomy":"post_tag","embeddable":true,"href":"https:\/\/herdemlaw.com\/en-us\/wp-json\/wp\/v2\/tags?post=1496"}],"curies":[{"name":"wp","href":"https:\/\/api.w.org\/{rel}","templated":true}]}}