{"id":1442,"date":"2024-09-02T00:00:00","date_gmt":"2024-09-02T00:00:00","guid":{"rendered":"https:\/\/herdemlaw.com\/?p=1442"},"modified":"2025-04-17T20:10:42","modified_gmt":"2025-04-17T20:10:42","slug":"surdurulebilirlik-ve-ticaretin-uzlastirilmasi-avrupa-yesil-anlasmasinin-kuresel-piyasalarin-sekillenmesindeki-rolu","status":"publish","type":"post","link":"https:\/\/herdemlaw.com\/en-us\/explore\/surdurulebilirlik-ve-ticaretin-uzlastirilmasi-avrupa-yesil-anlasmasinin-kuresel-piyasalarin-sekillenmesindeki-rolu\/","title":{"rendered":"S\u00fcrd\u00fcr\u00fclebilirlik ve Ticaretin Uzla\u015ft\u0131r\u0131lmas\u0131: Avrupa Ye\u015fil Anla\u015fmas\u0131n\u0131n K\u00fcresel Piyasalar\u0131n \u015eekillenmesindeki Rol\u00fc"},"content":{"rendered":"<p><strong>Giri\u015f:<\/strong> Avrupa Birli\u011fi (AB), \u00e7evre ve iklim de\u011fi\u015fikli\u011fi konular\u0131nda k\u00fcresel liderli\u011fini peki\u015ftirmek amac\u0131yla 2019 y\u0131l\u0131nda Avrupa Ye\u015fil Mutabakat\u0131\u2019n\u0131 (European Green Deal) hayata ge\u00e7irmi\u015ftir. Bu mutabakat, AB\u2019nin \u00e7evre politikalar\u0131n\u0131 ve s\u00fcrd\u00fcr\u00fclebilir kalk\u0131nma hedeflerini belirleyen kapsaml\u0131 bir yol haritas\u0131d\u0131r. AB, bu mutabakat ile sadece kendi i\u00e7 d\u00fczenlemelerini de\u011fil, ayn\u0131 zamanda uluslararas\u0131 ticaret ili\u015fkilerini de yeniden \u015fekillendirmeyi hedeflemektedir. Bu ba\u011flamda, AB\u2019nin ticaret anla\u015fmalar\u0131na \u00e7evre ile ilgili h\u00fck\u00fcmler eklemesi, uluslararas\u0131 ticaret \u00fczerinde \u00f6nemli etkiler yaratmaktad\u0131r.<\/p>\n<p><strong>AB\u2019nin D\u00fcnyadaki Rol\u00fc ve Avrupa Ye\u015fil Mutabakat\u0131:<\/strong> Birle\u015fmi\u015f Milletler \u0130klim De\u011fi\u015fikli\u011fi \u00c7er\u00e7eve S\u00f6zle\u015fmesi (UNFCCC) ve Paris Anla\u015fmas\u0131 gibi uluslararas\u0131 anla\u015fmalar, AB\u2019nin Ye\u015fil Mutabakat yolunda ad\u0131mlar atmas\u0131na temel olu\u015fturmu\u015ftur. 1994 y\u0131l\u0131nda y\u00fcr\u00fcrl\u00fc\u011fe giren UNFCCC, iklim de\u011fi\u015fikli\u011fi ile m\u00fccadele amac\u0131yla sera gaz\u0131 birikimini kontrol alt\u0131na almay\u0131 hedeflemektedir. Bu hedef do\u011frultusunda imzalanan Kyoto Protokol\u00fc ve Paris Anla\u015fmas\u0131, \u00fclkelerin iklim de\u011fi\u015fikli\u011fi ile m\u00fccadele taahh\u00fctlerini somutla\u015ft\u0131rm\u0131\u015ft\u0131r. AB, 2050 y\u0131l\u0131na kadar iklim-n\u00f6tr bir k\u0131ta olmay\u0131 hedeflemektedir. Bu hedef, AB\u2019nin s\u00fcrd\u00fcr\u00fclebilir kalk\u0131nma ve iklim de\u011fi\u015fikli\u011fi konular\u0131nda k\u00fcresel lider olma hedefini peki\u015ftirmektedir.<\/p>\n<p>Ye\u015fil Mutabakat, AB\u2019nin \u00e7evre konusundaki yol haritas\u0131n\u0131 belirlemekte ve ticari ortaklar\u0131ndan beklentilerini somutla\u015ft\u0131rmaktad\u0131r. AB, Ye\u015fil Mutabakat ile izlenecek yolu ortaya koymu\u015f, konuyu mevzuat\u0131na yans\u0131tm\u0131\u015f ve ticari ortaklar\u0131ndan beklentilerini netle\u015ftirmi\u015ftir. Bu mutabakat, AB\u2019nin \u00e7evre ve iklim de\u011fi\u015fikli\u011fi konular\u0131nda k\u00fcresel d\u00fczeyde etkin bir akt\u00f6r olma hedefini desteklemektedir.<\/p>\n<p><strong>\u00c7evre ve \u0130klim De\u011fi\u015fikli\u011fi Konusunda AB\u2019nin Liderli\u011fi:<\/strong> AB, \u00e7evre ve iklim de\u011fi\u015fikli\u011fi konular\u0131nda k\u00fcresel bir lider olarak hareket etmektedir. Bu liderlik, AB\u2019nin \u00e7evre politikalar\u0131n\u0131 ve s\u00fcrd\u00fcr\u00fclebilir kalk\u0131nma hedeflerini belirleyen kapsaml\u0131 bir yol haritas\u0131 olan Ye\u015fil Mutabakat ile peki\u015ftirilmi\u015ftir. AB, Ye\u015fil Mutabakat ile sadece kendi i\u00e7 d\u00fczenlemelerini de\u011fil, ayn\u0131 zamanda uluslararas\u0131 ticaret ili\u015fkilerini de yeniden \u015fekillendirmeyi hedeflemektedir. Bu ba\u011flamda, AB\u2019nin ticaret anla\u015fmalar\u0131na \u00e7evre ile ilgili h\u00fck\u00fcmler eklemesi, uluslararas\u0131 ticaret \u00fczerinde \u00f6nemli etkiler yaratmaktad\u0131r.<\/p>\n<p>AB\u2019nin \u00e7evre ve iklim de\u011fi\u015fikli\u011fi konular\u0131ndaki liderli\u011fi, Birle\u015fmi\u015f Milletler \u0130klim De\u011fi\u015fikli\u011fi \u00c7er\u00e7eve S\u00f6zle\u015fmesi (UNFCCC) ve Paris Anla\u015fmas\u0131 gibi uluslararas\u0131 anla\u015fmalarla peki\u015ftirilmi\u015ftir. 1994 y\u0131l\u0131nda y\u00fcr\u00fcrl\u00fc\u011fe giren UNFCCC, iklim de\u011fi\u015fikli\u011fi ile m\u00fccadele amac\u0131yla sera gaz\u0131 birikimini kontrol alt\u0131na almay\u0131 hedeflemektedir. Bu hedef do\u011frultusunda imzalanan Kyoto Protokol\u00fc ve Paris Anla\u015fmas\u0131, \u00fclkelerin iklim de\u011fi\u015fikli\u011fi ile m\u00fccadele taahh\u00fctlerini somutla\u015ft\u0131rm\u0131\u015ft\u0131r. AB, 2050 y\u0131l\u0131na kadar iklim-n\u00f6tr bir k\u0131ta olmay\u0131 hedeflemektedir. Bu hedef, AB\u2019nin s\u00fcrd\u00fcr\u00fclebilir kalk\u0131nma ve iklim de\u011fi\u015fikli\u011fi konular\u0131nda k\u00fcresel lider olma hedefini peki\u015ftirmektedir.<\/p>\n<p><strong>Ye\u015fil Mutabakat\u2019\u0131n Temel Hedefleri:<\/strong> Avrupa Ye\u015fil Mutabakat\u0131, AB\u2019nin \u00e7evre ve iklim de\u011fi\u015fikli\u011fi konular\u0131ndaki liderli\u011fini peki\u015ftiren bir dizi hedef ve politikay\u0131 i\u00e7ermektedir. Bu hedefler aras\u0131nda, 2050 y\u0131l\u0131na kadar iklim-n\u00f6tr bir k\u0131ta olma, sera gaz\u0131 emisyonlar\u0131n\u0131 azaltma, enerji verimlili\u011fini art\u0131rma ve yenilenebilir enerji kaynaklar\u0131n\u0131n kullan\u0131m\u0131n\u0131 te\u015fvik etme bulunmaktad\u0131r. Ye\u015fil Mutabakat, ayn\u0131 zamanda AB\u2019nin ekonomik b\u00fcy\u00fcmesini s\u00fcrd\u00fcr\u00fclebilir k\u0131lmay\u0131 ve \u00e7evresel \u00e7\u00f6k\u00fc\u015f\u00fc \u00f6nlemeyi ama\u00e7lamaktad\u0131r.<\/p>\n<p>Ye\u015fil Mutabakat\u2019\u0131n bir di\u011fer \u00f6nemli hedefi, AB\u2019nin ticaret politikalar\u0131n\u0131 \u00e7evre ve iklim de\u011fi\u015fikli\u011fi hedefleriyle uyumlu hale getirmektir. Bu ba\u011flamda, AB\u2019nin ticaret anla\u015fmalar\u0131na \u00e7evre ile ilgili h\u00fck\u00fcmler eklemesi, uluslararas\u0131 ticaret \u00fczerinde \u00f6nemli etkiler yaratmaktad\u0131r. AB, ticaret politikalar\u0131n\u0131 kullanarak \u00e7evre konusundaki normlar\u0131n\u0131 k\u00fcresel \u00e7apta benimsetmeyi hedeflemektedir.<\/p>\n<p><strong>DT\u00d6 \u00c7er\u00e7evesindeki Tart\u0131\u015fmalar:<\/strong> D\u00fcnya Ticaret \u00d6rg\u00fct\u00fc (DT\u00d6) platformunda AB\u2019nin Ye\u015fil Mutabakat d\u00fczenlemeleri tart\u0131\u015f\u0131lmaktad\u0131r. Di\u011fer DT\u00d6 \u00fcyesi \u00fclkeler, AB\u2019den d\u00fczenlemelerinin DT\u00d6 kurallar\u0131na uygun olaca\u011f\u0131 konusunda g\u00fcvence talep etmektedir. AB, d\u00fczenlemelerin \u015feffaf olaca\u011f\u0131n\u0131 ve DT\u00d6 kurallar\u0131na uygun olarak haz\u0131rland\u0131\u011f\u0131n\u0131 belirtmi\u015ftir. Ancak, \u00e7evre ve ticaret politikalar\u0131n\u0131n \u00f6rt\u00fc\u015fen alanlar\u0131n\u0131 d\u00fczenleyen bir \u00e7er\u00e7eve anla\u015fman\u0131n bulunmamas\u0131, tart\u0131\u015fmalar\u0131 karma\u015f\u0131k hale getirmektedir.<\/p>\n<p>DT\u00d6 \u00e7er\u00e7evesinde, d\u00fcnyada \u00e7evre konusunda imzalanm\u0131\u015f 250 civar\u0131nda \u00e7ok tarafl\u0131 anla\u015fma bulunmaktad\u0131r ve bunlardan yakla\u015f\u0131k 20 tanesi ticaret \u00fczerinde do\u011frudan etkiye sahiptir. Bu anla\u015fmalar\u0131n baz\u0131lar\u0131, ayr\u0131mc\u0131l\u0131k yapmama ilkesine dayanan \u201cen \u00e7ok kayr\u0131lan ulus\u201d ilkesini veya benzer \u00fcr\u00fcnlere e\u015fit muamele kural\u0131n\u0131 ihlal edebilecek \u00f6nlemler i\u00e7ermektedir. Ancak, do\u011fal kaynaklar\u0131n korunmas\u0131na y\u00f6nelik al\u0131nan tedbirlerin kabul edildi\u011fi de bilinmektedir. Ticaret ve \u00e7evre ili\u015fkilerinin kurallar\u0131n\u0131 belirlemek amac\u0131yla 2001 Doha Kalk\u0131nma M\u00fczakereleri ile g\u00f6r\u00fc\u015fmelere ba\u015flanm\u0131\u015f, ancak bir sonuca ula\u015f\u0131lamam\u0131\u015ft\u0131r.<\/p>\n<p>AB, belgelerinde DT\u00d6 ile uyumlu politikalar izleyece\u011fini vurgulamas\u0131na ra\u011fmen, Ye\u015fil Mutabakat DT\u00d6 \u00e7er\u00e7evesinde tart\u0131\u015fmalara konu olmaktad\u0131r. Tart\u0131\u015fmalar\u0131n temel nedeni, DT\u00d6\u2019de \u00e7evre ve iklim de\u011fi\u015fikli\u011fi alan\u0131nda yap\u0131lacak d\u00fczenlemelerin uluslararas\u0131 ticareti engellemeyecek \u015fekilde uygulanmas\u0131n\u0131 d\u00fczenleyen bir anla\u015fman\u0131n bulunmamas\u0131d\u0131r. AB\u2019nin Ye\u015fil Mutabakat plan\u0131n\u0131 a\u00e7\u0131klad\u0131\u011f\u0131 g\u00fcnden bu yana, DT\u00d6 b\u00fcnyesinde yap\u0131lan \u00e7e\u015fitli toplant\u0131larda di\u011fer DT\u00d6 \u00fcyesi \u00fclkeler taraf\u0131ndan sorguland\u0131\u011f\u0131 g\u00f6zlemlenmi\u015ftir. \u00d6rne\u011fin, 2020 y\u0131l\u0131nda ger\u00e7ekle\u015ftirilen Mal Ticareti Konseyi toplant\u0131s\u0131nda, \u00c7in, Paraguay, Uruguay ve ABD\u2019den destek alan Rusya Federasyonu, AB\u2019den uygulamalar\u0131n\u0131n DT\u00d6 kurallar\u0131na uygun olaca\u011f\u0131 ve ayr\u0131mc\u0131l\u0131\u011fa yol a\u00e7mayaca\u011f\u0131 konusunda g\u00fcvence talep etmi\u015ftir.<\/p>\n<p><strong>AB\u2019nin Ticaret Anla\u015fmalar\u0131 A\u00e7\u0131s\u0131ndan De\u011ferlendirme:<\/strong> AB, ticaret anla\u015fmalar\u0131n\u0131 \u00e7evre ve iklim de\u011fi\u015fikli\u011fi taahh\u00fctlerini yayman\u0131n bir arac\u0131 olarak kullanmaktad\u0131r. AB\u2019nin yeni nesil serbest ticaret anla\u015fmalar\u0131nda \u00e7evre ve iklim de\u011fi\u015fikli\u011fi h\u00fck\u00fcmleri yer almaktad\u0131r. Bu anla\u015fmalar, AB\u2019nin normatif g\u00fcc\u00fcn\u00fc kullanarak \u00e7evre konusundaki standartlar\u0131n\u0131 k\u00fcresel \u00e7apta benimsetmeyi hedeflemektedir. AB, ticaret politikas\u0131 ara\u00e7lar\u0131n\u0131 kullanarak \u00e7evre konusundaki normlar\u0131n\u0131 yaymay\u0131 ama\u00e7lamaktad\u0131r.<\/p>\n<p>AB\u2019nin standartlar\u0131n\u0131 ihra\u00e7 etmesinin en sistematik yollar\u0131ndan biri ikili ekonomik ve siyasi anla\u015fmalard\u0131r. Bu anla\u015fmalar\u0131n en belirgin \u00f6rnekleri kat\u0131l\u0131m anla\u015fmalar\u0131 ve ortakl\u0131k anla\u015fmalar\u0131d\u0131r, ancak tercihli ticaret anla\u015fmalar\u0131 (PTA\u2019lar) da bu rol\u00fc oynayabilir. AB, geni\u015fleme politikas\u0131n\u0131, kendi davran\u0131\u015f kal\u0131plar\u0131n\u0131 ihra\u00e7 etmesinde en etkili ara\u00e7 olarak g\u00f6rmektedir. D\u00fcnyan\u0131n \u00e7e\u015fitli b\u00f6lgelerinden bir\u00e7ok \u00fclke ile ticaret anla\u015fmalar\u0131 imzalayan AB, bu anla\u015fmalar\u0131 tercihli ticaret i\u00e7in kullanman\u0131n yan\u0131 s\u0131ra bir etki alan\u0131 yaratma arac\u0131 olarak da g\u00f6rmektedir.<\/p>\n<p>Son d\u00f6nemde AB, DT\u00d6 gibi \u00e7ok tarafl\u0131 bir platformun yan\u0131 s\u0131ra ikili ve b\u00f6lgesel ili\u015fkilerine de \u00f6ncelik vermektedir. 2006 y\u0131l\u0131nda DT\u00d6\u2019y\u00fc ticareti y\u00f6nlendirmenin ve geni\u015fletmenin en etkili yolu ve \u00e7ok tarafl\u0131 ticaretin temel ta\u015f\u0131 olarak g\u00f6ren AB, Doha Kalk\u0131nma Turu\u2019nu en \u00f6nemli \u00f6ncelik olarak de\u011ferlendirmi\u015ftir. Ancak, 2010 y\u0131l\u0131na gelindi\u011finde AB\u2019nin ikili ve b\u00f6lgesel ticaret anla\u015fmalar\u0131na verdi\u011fi \u00f6nemin artt\u0131\u011f\u0131 ve yeni nesil, derinle\u015ftirilmi\u015f ve geni\u015fletilmi\u015f ticaret anla\u015fmalar\u0131n\u0131 \u00f6ne \u00e7\u0131karmaya ba\u015flad\u0131\u011f\u0131 g\u00f6r\u00fclmektedir. AB, ticaret politikalar\u0131n\u0131 \u00e7evre ve iklim de\u011fi\u015fikli\u011fi hedefleriyle uyumlu hale getirmek i\u00e7in yeni nesil serbest ticaret anla\u015fmalar\u0131na \u00e7evre ve iklim de\u011fi\u015fikli\u011fi h\u00fck\u00fcmleri eklemektedir. Bu anla\u015fmalar, AB\u2019nin normatif g\u00fcc\u00fcn\u00fc kullanarak \u00e7evre konusundaki standartlar\u0131n\u0131 k\u00fcresel \u00e7apta benimsetmeyi hedeflemektedir.<\/p>\n<p>AB\u2019nin ticaret anla\u015fmalar\u0131na \u00e7evre ile ilgili h\u00fck\u00fcmler eklemesi, uluslararas\u0131 ticaret \u00fczerinde \u00f6nemli etkiler yaratmaktad\u0131r. AB, ticaret politikalar\u0131n\u0131 kullanarak \u00e7evre konusundaki normlar\u0131n\u0131 k\u00fcresel \u00e7apta benimsetmeyi hedeflemektedir. Bu s\u00fcre\u00e7te, AB\u2019nin normatif g\u00fcc\u00fc ve ticaret politikas\u0131 ara\u00e7lar\u0131, \u00e7evre konusundaki standartlar\u0131n k\u00fcresel d\u00fczeyde benimsenmesinde \u00f6nemli bir rol oynamaktad\u0131r.<\/p>\n<p><strong>Ye\u015fil Mutabakat ve Uluslararas\u0131 Ticaret:<\/strong> Ye\u015fil Mutabakat, AB\u2019nin ticaret politikalar\u0131n\u0131 \u00e7evre ve iklim de\u011fi\u015fikli\u011fi hedefleriyle uyumlu hale getirmeyi ama\u00e7lamaktad\u0131r. Bu ba\u011flamda, AB\u2019nin ticaret anla\u015fmalar\u0131na \u00e7evre ile ilgili h\u00fck\u00fcmler eklemesi, uluslararas\u0131 ticaret \u00fczerinde \u00f6nemli etkiler yaratmaktad\u0131r. AB, ticaret politikalar\u0131n\u0131 kullanarak \u00e7evre konusundaki normlar\u0131n\u0131 k\u00fcresel \u00e7apta benimsetmeyi hedeflemektedir.<\/p>\n<p>AB\u2019nin ticaret politikalar\u0131, Ye\u015fil Mutabakat\u2019\u0131n hedeflerine ula\u015fmak i\u00e7in \u00f6nemli bir ara\u00e7 olarak kullan\u0131lmaktad\u0131r. AB, ticaret anla\u015fmalar\u0131na \u00e7evre ve iklim de\u011fi\u015fikli\u011fi h\u00fck\u00fcmleri ekleyerek, ticaret ortaklar\u0131ndan \u00e7evre standartlar\u0131na uyum sa\u011flamalar\u0131n\u0131 beklemektedir. Bu durum, AB\u2019nin \u00e7evre konusundaki normatif g\u00fcc\u00fcn\u00fc peki\u015ftirmekte ve k\u00fcresel d\u00fczeyde \u00e7evre standartlar\u0131n\u0131n benimsenmesini sa\u011flamaktad\u0131r.<\/p>\n<p><strong>Ye\u015fil Mutabakat\u2019\u0131n K\u00fcresel Etkileri:<\/strong> Ye\u015fil Mutabakat, AB\u2019nin \u00e7evre ve iklim de\u011fi\u015fikli\u011fi konular\u0131ndaki liderli\u011fini peki\u015ftiren bir dizi hedef ve politikay\u0131 i\u00e7ermektedir. Bu hedefler aras\u0131nda, 2050 y\u0131l\u0131na kadar iklim-n\u00f6tr bir k\u0131ta olma, sera gaz\u0131 emisyonlar\u0131n\u0131 azaltma, enerji verimlili\u011fini art\u0131rma ve yenilenebilir enerji kaynaklar\u0131n\u0131n kullan\u0131m\u0131n\u0131 te\u015fvik etme bulunmaktad\u0131r. Ye\u015fil Mutabakat, ayn\u0131 zamanda AB\u2019nin ekonomik b\u00fcy\u00fcmesini s\u00fcrd\u00fcr\u00fclebilir k\u0131lmay\u0131 ve \u00e7evresel \u00e7\u00f6k\u00fc\u015f\u00fc \u00f6nlemeyi ama\u00e7lamaktad\u0131r.<\/p>\n<p>Ye\u015fil Mutabakat\u2019\u0131n bir di\u011fer \u00f6nemli hedefi, AB\u2019nin ticaret politikalar\u0131n\u0131 \u00e7evre ve iklim de\u011fi\u015fikli\u011fi hedefleriyle uyumlu hale getirmektir. Bu ba\u011flamda, AB\u2019nin ticaret anla\u015fmalar\u0131na \u00e7evre ile ilgili h\u00fck\u00fcmler eklemesi, uluslararas\u0131 ticaret \u00fczerinde \u00f6nemli etkiler yaratmaktad\u0131r. AB, ticaret politikalar\u0131n\u0131 kullanarak \u00e7evre konusundaki normlar\u0131n\u0131 k\u00fcresel \u00e7apta benimsetmeyi hedeflemektedir.<\/p>\n<p><strong>Ye\u015fil Mutabakat ve Paris Anla\u015fmas\u0131:<\/strong> Ye\u015fil Mutabakat, Paris Anla\u015fmas\u0131\u2019n\u0131n hedeflerine ula\u015fmak i\u00e7in \u00f6nemli bir ara\u00e7 olarak g\u00f6r\u00fclmektedir. Paris Anla\u015fmas\u0131, k\u00fcresel s\u0131cakl\u0131k art\u0131\u015f\u0131n\u0131 2\u00b0C\u2019nin alt\u0131nda tutmay\u0131 ve 1.5\u00b0C ile s\u0131n\u0131rlamay\u0131 hedeflemektedir. AB, Ye\u015fil Mutabakat ile bu hedeflere ula\u015fmay\u0131 ama\u00e7lamaktad\u0131r. Bu ba\u011flamda, AB\u2019nin ticaret politikalar\u0131n\u0131 \u00e7evre ve iklim de\u011fi\u015fikli\u011fi hedefleriyle uyumlu hale getirmesi, Paris Anla\u015fmas\u0131\u2019n\u0131n hedeflerine ula\u015fmak i\u00e7in \u00f6nemli bir ad\u0131m olarak g\u00f6r\u00fclmektedir.<\/p>\n<p>AB, Ye\u015fil Mutabakat ile Paris Anla\u015fmas\u0131\u2019n\u0131n hedeflerine ula\u015fmay\u0131 ama\u00e7lamaktad\u0131r. Bu ba\u011flamda, AB\u2019nin ticaret politikalar\u0131n\u0131 \u00e7evre ve iklim de\u011fi\u015fikli\u011fi hedefleriyle uyumlu hale getirmesi, Paris Anla\u015fmas\u0131\u2019n\u0131n hedeflerine ula\u015fmak i\u00e7in \u00f6nemli bir ad\u0131m olarak g\u00f6r\u00fclmektedir. AB, ticaret anla\u015fmalar\u0131na \u00e7evre ve iklim de\u011fi\u015fikli\u011fi h\u00fck\u00fcmleri ekleyerek, ticaret ortaklar\u0131ndan Paris Anla\u015fmas\u0131\u2019n\u0131n hedeflerine uyum sa\u011flamalar\u0131n\u0131 beklemektedir.<\/p>\n<p><strong>Ye\u015fil Mutabakat ve S\u00fcrd\u00fcr\u00fclebilir Kalk\u0131nma:<\/strong> Ye\u015fil Mutabakat, AB\u2019nin s\u00fcrd\u00fcr\u00fclebilir kalk\u0131nma hedeflerine ula\u015fmak i\u00e7in \u00f6nemli bir ara\u00e7 olarak g\u00f6r\u00fclmektedir. AB, Ye\u015fil Mutabakat ile s\u00fcrd\u00fcr\u00fclebilir kalk\u0131nma hedeflerine ula\u015fmay\u0131 ama\u00e7lamaktad\u0131r. Bu ba\u011flamda, AB\u2019nin ticaret politikalar\u0131n\u0131 \u00e7evre ve iklim de\u011fi\u015fikli\u011fi hedefleriyle uyumlu hale getirmesi, s\u00fcrd\u00fcr\u00fclebilir kalk\u0131nma hedeflerine ula\u015fmak i\u00e7in \u00f6nemli bir ad\u0131m olarak g\u00f6r\u00fclmektedir.<\/p>\n<p>AB, Ye\u015fil Mutabakat ile s\u00fcrd\u00fcr\u00fclebilir kalk\u0131nma hedeflerine ula\u015fmay\u0131 ama\u00e7lamaktad\u0131r. Bu ba\u011flamda, AB\u2019nin ticaret politikalar\u0131n\u0131 \u00e7evre ve iklim de\u011fi\u015fikli\u011fi hedefleriyle uyumlu hale getirmesi, s\u00fcrd\u00fcr\u00fclebilir kalk\u0131nma hedeflerine ula\u015fmak i\u00e7in \u00f6nemli bir ad\u0131m olarak g\u00f6r\u00fclmektedir. AB, ticaret anla\u015fmalar\u0131na \u00e7evre ve iklim de\u011fi\u015fikli\u011fi h\u00fck\u00fcmleri ekleyerek, ticaret ortaklar\u0131ndan s\u00fcrd\u00fcr\u00fclebilir kalk\u0131nma hedeflerine uyum sa\u011flamalar\u0131n\u0131 beklemektedir.<\/p>\n<p><strong>Ye\u015fil Mutabakat ve Enerji Politikalar\u0131:<\/strong> Ye\u015fil Mutabakat, AB\u2019nin enerji politikalar\u0131n\u0131 \u00e7evre ve iklim de\u011fi\u015fikli\u011fi hedefleriyle uyumlu hale getirmeyi ama\u00e7lamaktad\u0131r. AB, Ye\u015fil Mutabakat ile enerji verimlili\u011fini art\u0131rmay\u0131 ve yenilenebilir enerji kaynaklar\u0131n\u0131n kullan\u0131m\u0131n\u0131 te\u015fvik etmeyi hedeflemektedir. Bu ba\u011flamda, AB\u2019nin enerji politikalar\u0131n\u0131 \u00e7evre ve iklim de\u011fi\u015fikli\u011fi hedefleriyle uyumlu hale getirmesi, Ye\u015fil Mutabakat\u2019\u0131n hedeflerine ula\u015fmak i\u00e7in \u00f6nemli bir ad\u0131m olarak g\u00f6r\u00fclmektedir.<\/p>\n<p>AB, Ye\u015fil Mutabakat ile enerji verimlili\u011fini art\u0131rmay\u0131 ve yenilenebilir enerji kaynaklar\u0131n\u0131n kullan\u0131m\u0131n\u0131 te\u015fvik etmeyi hedeflemektedir. Bu ba\u011flamda, AB\u2019nin enerji politikalar\u0131n\u0131 \u00e7evre ve iklim de\u011fi\u015fikli\u011fi hedefleriyle uyumlu hale getirmesi, Ye\u015fil Mutabakat\u2019\u0131n hedeflerine ula\u015fmak i\u00e7in \u00f6nemli bir ad\u0131m olarak g\u00f6r\u00fclmektedir. AB, enerji politikalar\u0131n\u0131 kullanarak \u00e7evre konusundaki normlar\u0131n\u0131 k\u00fcresel \u00e7apta benimsetmeyi hedeflemektedir.<\/p>\n<p><strong>Ye\u015fil Mutabakat ve \u0130klim De\u011fi\u015fikli\u011fi ile M\u00fccadele:<\/strong> Ye\u015fil Mutabakat, AB\u2019nin iklim de\u011fi\u015fikli\u011fi ile m\u00fccadele hedeflerine ula\u015fmak i\u00e7in \u00f6nemli bir ara\u00e7 olarak g\u00f6r\u00fclmektedir. AB, Ye\u015fil Mutabakat ile iklim de\u011fi\u015fikli\u011fi ile m\u00fccadele hedeflerine ula\u015fmay\u0131 ama\u00e7lamaktad\u0131r. Bu ba\u011flamda, AB\u2019nin ticaret politikalar\u0131n\u0131 \u00e7evre ve iklim de\u011fi\u015fikli\u011fi hedefleriyle uyumlu hale getirmesi, iklim de\u011fi\u015fikli\u011fi ile m\u00fccadele hedeflerine ula\u015fmak i\u00e7in \u00f6nemli bir ad\u0131m olarak g\u00f6r\u00fclmektedir.<\/p>\n<p>AB, Ye\u015fil Mutabakat ile iklim de\u011fi\u015fikli\u011fi ile m\u00fccadele hedeflerine ula\u015fmay\u0131 ama\u00e7lamaktad\u0131r. Bu ba\u011flamda, AB\u2019nin ticaret politikalar\u0131n\u0131 \u00e7evre ve iklim de\u011fi\u015fikli\u011fi hedefleriyle uyumlu hale getirmesi, iklim de\u011fi\u015fikli\u011fi ile m\u00fccadele hedeflerine ula\u015fmak i\u00e7in \u00f6nemli bir ad\u0131m olarak g\u00f6r\u00fclmektedir. AB, ticaret anla\u015fmalar\u0131na \u00e7evre ve iklim de\u011fi\u015fikli\u011fi h\u00fck\u00fcmleri ekleyerek, ticaret ortaklar\u0131ndan iklim de\u011fi\u015fikli\u011fi ile m\u00fccadele hedeflerine uyum sa\u011flamalar\u0131n\u0131 beklemektedir.<\/p>\n<p><strong>Sonu\u00e7:<\/strong> Avrupa Ye\u015fil Mutabakat\u0131, AB\u2019nin \u00e7evre konusundaki normatif g\u00fcc\u00fcn\u00fc peki\u015ftirmekte ve ticaret politikas\u0131 arac\u0131l\u0131\u011f\u0131yla bu normlar\u0131 yaymay\u0131 ama\u00e7lamaktad\u0131r ve bu \u00e7er\u00e7evede \u00e7evre ve iklim de\u011fi\u015fikli\u011fi konular\u0131ndaki liderli\u011fini peki\u015ftiren kapsaml\u0131 bir yol haritas\u0131d\u0131r. AB, Ye\u015fil Mutabakat ile sadece kendi i\u00e7 d\u00fczenlemelerini de\u011fil, ayn\u0131 zamanda uluslararas\u0131 ticaret ili\u015fkilerini de yeniden \u015fekillendirmeyi hedeflemektedir. Bu ba\u011flamda, AB\u2019nin ticaret anla\u015fmalar\u0131na \u00e7evre ile ilgili h\u00fck\u00fcmler eklemesi, uluslararas\u0131 ticaret \u00fczerinde \u00f6nemli etkiler yaratmaktad\u0131r. AB, ticaret politikalar\u0131n\u0131 kullanarak \u00e7evre konusundaki normlar\u0131n\u0131 k\u00fcresel \u00e7apta benimsetmeyi hedeflemektedir. Bu s\u00fcre\u00e7te, AB\u2019nin normatif g\u00fcc\u00fc ve ticaret politikas\u0131 ara\u00e7lar\u0131, \u00e7evre konusundaki standartlar\u0131n k\u00fcresel d\u00fczeyde benimsenmesinde \u00f6nemli bir rol oynamaktad\u0131r.<\/p>\n<p>\u00a0<\/p>\n\n\n<p><\/p>\n","protected":false},"excerpt":{"rendered":"<p>Giri\u015f: Avrupa Birli\u011fi (AB), \u00e7evre ve iklim de\u011fi\u015fikli\u011fi konular\u0131nda k\u00fcresel liderli\u011fini peki\u015ftirmek amac\u0131yla 2019 y\u0131l\u0131nda Avrupa Ye\u015fil Mutabakat\u0131\u2019n\u0131 (European Green &#8230; <a title=\"S\u00fcrd\u00fcr\u00fclebilirlik ve Ticaretin Uzla\u015ft\u0131r\u0131lmas\u0131: Avrupa Ye\u015fil Anla\u015fmas\u0131n\u0131n K\u00fcresel Piyasalar\u0131n \u015eekillenmesindeki Rol\u00fc\" class=\"read-more\" href=\"https:\/\/herdemlaw.com\/en-us\/explore\/surdurulebilirlik-ve-ticaretin-uzlastirilmasi-avrupa-yesil-anlasmasinin-kuresel-piyasalarin-sekillenmesindeki-rolu\/\" aria-label=\"Read more about S\u00fcrd\u00fcr\u00fclebilirlik ve Ticaretin Uzla\u015ft\u0131r\u0131lmas\u0131: Avrupa Ye\u015fil Anla\u015fmas\u0131n\u0131n K\u00fcresel Piyasalar\u0131n \u015eekillenmesindeki Rol\u00fc\">Read more<\/a><\/p>\n","protected":false},"author":1,"featured_media":5652,"comment_status":"closed","ping_status":"closed","sticky":false,"template":"","format":"standard","meta":{"footnotes":""},"categories":[21,28],"tags":[],"class_list":["post-1442","post","type-post","status-publish","format-standard","has-post-thumbnail","hentry","category-homeland-security","category-other","masonry-post","generate-columns","tablet-grid-50","mobile-grid-100","grid-parent","grid-33"],"aioseo_notices":[],"_links":{"self":[{"href":"https:\/\/herdemlaw.com\/en-us\/wp-json\/wp\/v2\/posts\/1442","targetHints":{"allow":["GET"]}}],"collection":[{"href":"https:\/\/herdemlaw.com\/en-us\/wp-json\/wp\/v2\/posts"}],"about":[{"href":"https:\/\/herdemlaw.com\/en-us\/wp-json\/wp\/v2\/types\/post"}],"author":[{"embeddable":true,"href":"https:\/\/herdemlaw.com\/en-us\/wp-json\/wp\/v2\/users\/1"}],"replies":[{"embeddable":true,"href":"https:\/\/herdemlaw.com\/en-us\/wp-json\/wp\/v2\/comments?post=1442"}],"version-history":[{"count":2,"href":"https:\/\/herdemlaw.com\/en-us\/wp-json\/wp\/v2\/posts\/1442\/revisions"}],"predecessor-version":[{"id":7884,"href":"https:\/\/herdemlaw.com\/en-us\/wp-json\/wp\/v2\/posts\/1442\/revisions\/7884"}],"wp:featuredmedia":[{"embeddable":true,"href":"https:\/\/herdemlaw.com\/en-us\/wp-json\/wp\/v2\/media\/5652"}],"wp:attachment":[{"href":"https:\/\/herdemlaw.com\/en-us\/wp-json\/wp\/v2\/media?parent=1442"}],"wp:term":[{"taxonomy":"category","embeddable":true,"href":"https:\/\/herdemlaw.com\/en-us\/wp-json\/wp\/v2\/categories?post=1442"},{"taxonomy":"post_tag","embeddable":true,"href":"https:\/\/herdemlaw.com\/en-us\/wp-json\/wp\/v2\/tags?post=1442"}],"curies":[{"name":"wp","href":"https:\/\/api.w.org\/{rel}","templated":true}]}}