{"id":1418,"date":"2022-10-17T00:00:00","date_gmt":"2022-10-17T00:00:00","guid":{"rendered":"https:\/\/herdemlaw.com\/?p=1418"},"modified":"2025-04-10T01:35:12","modified_gmt":"2025-04-10T01:35:12","slug":"avrupa-birligi-yaptirimlari-ihracatla-ilgili-kisitlamalar-ve-ab-limanlarina-erisime-getirilen-kisitlamalar-hakkinda-sik-sorulan-sorular","status":"publish","type":"post","link":"https:\/\/herdemlaw.com\/en-us\/explore\/avrupa-birligi-yaptirimlari-ihracatla-ilgili-kisitlamalar-ve-ab-limanlarina-erisime-getirilen-kisitlamalar-hakkinda-sik-sorulan-sorular\/","title":{"rendered":"Avrupa Birli\u011fi Yapt\u0131r\u0131mlar\u0131: \u0130hracatla \u0130lgili K\u0131s\u0131tlamalar ve AB Limanlar\u0131na Eri\u015fime Getirilen K\u0131s\u0131tlamalar Hakk\u0131nda S\u0131k Sorulan Sorular"},"content":{"rendered":"<p style=\"text-align:justify\">Avrupa Konseyi (\u201cKonsey\u201d) taraf\u0131ndan, 12 Ekim 2022 tarihinde Rusya&#8217;n\u0131n Ukrayna&#8217;ya y\u00f6nelik askeri sald\u0131rganl\u0131\u011f\u0131n\u0131n ard\u0131ndan kabul edilen yapt\u0131r\u0131mlarla ilgili \u00e7ift kullan\u0131ml\u0131 \u00fcr\u00fcnler ile ileri teknoloji \u00fcr\u00fcnlerinin ihracat\u0131 ve AB limanlar\u0131na eri\u015fim ile ilgili S\u0131k Sorulan Sorular (\u201cSSS\u201d) yay\u0131mlanm\u0131\u015ft\u0131r.<\/p>\n<p style=\"text-align:justify\">SSS ile, Yapt\u0131r\u0131m Y\u00f6netmeli\u011fi ve AB \u00c7ift Kullan\u0131m T\u00fcz\u00fc\u011f\u00fc Ek I&#8217;de tan\u0131mlanan \u00e7ift kullan\u0131ml\u0131 mallar ve teknolojilerle ilgili ihracat k\u0131s\u0131tlamalar\u0131n\u0131n kapsam\u0131 geni\u015fletilmi\u015ftir. Askeri sekt\u00f6r i\u00e7in belirtilen \u00fcr\u00fcnlerin ihracat\u0131 2014 y\u0131l\u0131ndan itibaren yasak olmakla beraber art\u0131k ilgili yasa\u011f\u0131n, s\u0131n\u0131rl\u0131 muafiyet ve istisnalar ile sivil nihai kullan\u0131c\u0131lar ve kullan\u0131mlar i\u00e7in de ge\u00e7erli olaca\u011f\u0131 belirtilmi\u015ftir. Ek olarak Komisyon, Yapt\u0131r\u0131m Y\u00f6netmeli\u011fi ile Rusya&#8217;n\u0131n askeri ve teknolojik kapasitesinin geli\u015fimini s\u0131n\u0131rland\u0131rmak i\u00e7in ileri teknoloji \u00fcr\u00fcnlerinin ihracat\u0131n\u0131 da yasaklayaca\u011f\u0131n\u0131 vurgulam\u0131\u015ft\u0131r. Ayr\u0131ca, daha s\u0131k\u0131 yapt\u0131r\u0131mlar\u0131n uygulanaca\u011f\u0131 Rusya&#8217;n\u0131n savunma ve sanayi \u00fcss\u00fcne ba\u011fl\u0131 kurulu\u015flar\u0131 tan\u0131mlad\u0131\u011f\u0131n\u0131 belirtmi\u015ftir. Daha \u00f6nce a\u00e7\u0131klanan AB yapt\u0131r\u0131mlar\u0131nda oldu\u011fu gibi ihracat k\u0131s\u0131tlamalar\u0131n\u0131n belirtilen \u00fcr\u00fcnlerin sat\u0131\u015f\u0131, tedariki, transferi ve ihracat\u0131n\u0131n yan\u0131 s\u0131ra arac\u0131l\u0131k hizmetlerine teknik ve mali yard\u0131m\u0131 da kapsad\u0131\u011f\u0131 belirtilmi\u015ftir.<\/p>\n<p style=\"text-align:justify\">AB \u00c7ift Kullan\u0131m T\u00fcz\u00fc\u011f\u00fc Ek I kapsam\u0131ndaki \u00fcr\u00fcnlere ve ileri teknoloji \u00fcr\u00fcnlerine uygulanan ihracat k\u0131s\u0131tlamalar\u0131n\u0131n yasaklar \u015feklinde oldu\u011fu ifade edilmi\u015ftir. Yapt\u0131r\u0131m Y\u00f6netmeli\u011fi\u2019nin 2(3) ve 2a(3) maddelerinin, belirli ko\u015fullar\u0131n yerine getirilmesi \u015fart\u0131yla ihracat k\u0131s\u0131tlamalar\u0131na sa\u011flad\u0131\u011f\u0131 alt\u0131 s\u0131n\u0131rl\u0131 muafiyetin a\u015fa\u011f\u0131daki gibi oldu\u011fu belirtilmi\u015ftir:<\/p>\n<ul>\n<li style=\"text-align:justify\">Do\u011fal afetler, insani ama\u00e7lar, sa\u011fl\u0131kla ilgili acil durumlar, insan sa\u011fl\u0131\u011f\u0131 ve g\u00fcvenli\u011fi \u00fczerinde \u00f6nemli bir etkisi olmas\u0131 muhtemel bir olay\u0131n acil olarak \u00f6nlenmesini;<\/li>\n<li style=\"text-align:justify\">T\u0131p ve eczac\u0131l\u0131k \u00fcr\u00fcnlerinin ihracat\u0131n\u0131;<\/li>\n<li style=\"text-align:justify\">Medya taraf\u0131ndan kullan\u0131lmak \u00fczere kullan\u0131lan ge\u00e7ici ekipman ihracat\u0131n\u0131;<\/li>\n<li style=\"text-align:justify\">Yaz\u0131l\u0131m g\u00fcncellemesi \u00fcr\u00fcnlerinin ihracat\u0131n\u0131;<\/li>\n<li style=\"text-align:justify\">T\u00fcketici taraf\u0131ndan kullan\u0131lan ileti\u015fim cihazlar\u0131n\u0131n ihracat\u0131n\u0131;<\/li>\n<li style=\"text-align:justify\">Rusya&#8217;ya seyahat eden ger\u00e7ek ki\u015filerin veya onlarla seyahat eden birinci dereceden aile \u00fcyelerinin ki\u015fisel e\u015fyalar\u0131n\u0131, bu ki\u015filere ait olan ev e\u015fyalar\u0131n\u0131, sat\u0131\u015f amac\u0131 olmayan ta\u015f\u0131tlar\u0131 ve ticaret \u00fcr\u00fcnlerini kapsamaktad\u0131r.<\/li>\n<\/ul>\n<p style=\"text-align:justify\">Belirtilen muafiyet ve istisnalar\u0131n, Rusya&#8217;n\u0131n savunma ve sanayi \u00fcss\u00fcne ba\u011fl\u0131 ki\u015fi ve kurulu\u015flara ihracat\u0131 i\u00e7in uygulanamayaca\u011f\u0131 belirtilmi\u015ftir. Bu nedenle, ilgili \u00fcr\u00fcnlerin nihai kullan\u0131c\u0131 olarak sivil bir tesise y\u00f6nelik oldu\u011fu durumlarda, \u00fcr\u00fcnlerin askeri bir kullan\u0131ma veya nihai kullan\u0131c\u0131ya y\u00f6nlendirilebilece\u011fine inanmak i\u00e7in makul sebepler olmad\u0131\u011f\u0131 s\u00fcrece muafiyet uygulanabilece\u011fi ifade edilmi\u015ftir. Ek olarak, ilgili muafiyet ve istisnalar\u0131n, h\u00fck\u00fcmetler aras\u0131 i\u015f birli\u011fine y\u00f6nelik uzay programlar\u0131 olmad\u0131\u011f\u0131 s\u00fcrece; enerji sekt\u00f6r\u00fc, havac\u0131l\u0131k ve uzay end\u00fcstrisi sekt\u00f6rleriyle ilgili \u00fcr\u00fcnlerin ihracat\u0131 i\u00e7in de ge\u00e7erli olmad\u0131\u011f\u0131 belirtilmi\u015ftir.<\/p>\n<p style=\"text-align:justify\">Konsey, AB \u00c7ift Kullan\u0131m T\u00fcz\u00fc\u011f\u00fc Ek I&#8217;de listelenen \u00e7ift kullan\u0131ml\u0131 \u00fcr\u00fcnler ve Ek VII&#8217;de listelenen ileri teknoloji \u00fcr\u00fcnlerine y\u00f6nelik potansiyel ihracatlarla ilgili olarak a\u015fa\u011f\u0131daki s\u00fcrecin ge\u00e7erli oldu\u011funu belirtmi\u015ftir:<\/p>\n<p style=\"text-align:justify\">-\u0130lgili nihai kullan\u0131m\u0131n, Yapt\u0131r\u0131mlar Y\u00f6netmeli\u011fi Madde 2(3)&#8217;te listelenen muafiyetler kapsam\u0131na giriyorsa ihracat\u00e7\u0131n\u0131n Yapt\u0131r\u0131mlar Y\u00f6netmeli\u011fi\u2019ne g\u00f6re izin almas\u0131n\u0131n gerek olmad\u0131\u011f\u0131 belirtilmekle birlikte, ihracat\u00e7\u0131n\u0131n g\u00fcmr\u00fck beyannamesinde ilgili \u00fcr\u00fcnlerin muafiyet kapsam\u0131nda ihra\u00e7 edildi\u011fini beyan etmesinin gerekli oldu\u011fu ifade edilmi\u015ftir. Ulusal yetkili makamlar\u0131n, tedbirlerin atlat\u0131lmas\u0131 riskini \u00f6nlemek i\u00e7in muafiyetlerin kullan\u0131m\u0131n\u0131 denetleyecekleri de belirtilmi\u015ftir.<\/p>\n<p style=\"text-align:justify\">-\u0130lgili nihai kullan\u0131m\u0131n, Yapt\u0131r\u0131m Y\u00f6netmeli\u011fi Madde 2(4)&#8217;te listelenen sekiz faaliyetten herhangi birinin kapsam\u0131na girmesi durumunda ise, ihracat\u00e7\u0131n\u0131n izin i\u00e7in ba\u015fvurmas\u0131 gerekti\u011fi ve ikamet etti\u011fi ya da yerle\u015fik oldu\u011fu \u00fcye devletin yetkili makam\u0131 taraf\u0131ndan durum baz\u0131nda de\u011ferlendirme yap\u0131laca\u011f\u0131 da ifade edilmi\u015ftir.<\/p>\n<p style=\"text-align:justify\">Konsey, Yapt\u0131r\u0131m Y\u00f6netmeli\u011fi\u2019nin 2021\/821 say\u0131l\u0131 AB \u00c7ift Kullan\u0131m T\u00fcz\u00fc\u011f\u00fc ile paralel olarak uygulanaca\u011f\u0131n\u0131, bu y\u00fczden ihracat\u00e7\u0131lar\u0131n her iki d\u00fczenlemeye de uymas\u0131 gerekti\u011finin alt\u0131n\u0131 \u00e7izmi\u015ftir. Bu kapsamda, \u00e7ift kullan\u0131ml\u0131 \u00fcr\u00fcnlerin ihracat\u0131 i\u00e7in AB \u0130kili Kullan\u0131ml\u0131 T\u00fcz\u00fc\u011f\u00fc kapsam\u0131nda bir lisans gerekebilece\u011fi gibi, Yapt\u0131r\u0131m Y\u00f6netmeli\u011fi kapsam\u0131nda bir yapt\u0131r\u0131m\u0131n da ge\u00e7erli olabilece\u011fi ifade edilmi\u015ftir. \u015e\u00fcpheli bir durumda, ihracat\u00e7\u0131n\u0131n ikamet etti\u011fi veya yerle\u015fik oldu\u011fu \u00fcye devletin yetkili makam\u0131 ile ileti\u015fime ge\u00e7ilmesi gerekti\u011fi belirtilmi\u015ftir. Yetkili makama yap\u0131lan bildirim ve lisans talebinin elektronik yollarla yap\u0131lmas\u0131 gerekti\u011fi ifade edilmi\u015ftir. Yapt\u0131r\u0131m Y\u00f6netmeli\u011fi Ek IX\u2019te, bildirim ve izin taleplerinin i\u00e7erdi\u011fi zorunlu unsurlar\u0131n bulundu\u011fu ve ihracat\u00e7\u0131lar\u0131n bu formlar\u0131 kullanmas\u0131 gerekti\u011fi belirtilmi\u015ftir.<\/p>\n<p style=\"text-align:justify\">Yapt\u0131r\u0131m Y\u00f6netmeli\u011fi\u2019nin 2(4) ve 2a(4) maddeleri, yetkili makamdan bir izin talep edilmesi gereken durumlara sekiz istisna getirmi\u015f, ilgili lisans al\u0131nana kadar, \u00fcr\u00fcn\u00fcn ihrac\u0131n\u0131n yasakland\u0131\u011f\u0131 belirtilmi\u015ftir. \u0130stisnalar\u0131n \u00fcr\u00fcn\u00fcn ihracat\u0131n\u0131n planlad\u0131\u011f\u0131 a\u015fa\u011f\u0131daki durumlar\u0131 kapsad\u0131\u011f\u0131 belirtilmi\u015ftir:<\/p>\n<ul>\n<li style=\"text-align:justify\">Avrupa Birli\u011fi, \u00fcye devletlerin h\u00fck\u00fcmetleri ve Rusya h\u00fck\u00fcmeti aras\u0131nda tamamen sivil konularda i\u015f birli\u011fi;<\/li>\n<li style=\"text-align:justify\">Uzay programlar\u0131nda h\u00fck\u00fcmetler aras\u0131 i\u015f birli\u011fi;<\/li>\n<li style=\"text-align:justify\">\u00d6zellikle ara\u015ft\u0131rma ve geli\u015ftirme alan\u0131nda sivil n\u00fckleer i\u015fletmelerin&nbsp;i\u015fletilmesi, bak\u0131m\u0131, g\u00fcvenli\u011fi;<\/li>\n<li style=\"text-align:justify\">Deniz g\u00fcvenli\u011fi;<\/li>\n<li style=\"text-align:justify\">Kamu taraf\u0131ndan kontrol edilen veya %50&#8217;den fazlas\u0131 kamu m\u00fclkiyetine sahip bir kurulu\u015fun m\u00fclk\u00fc olmayan sivil elektronik ileti\u015fim a\u011flar\u0131;<\/li>\n<li style=\"text-align:justify\">Bir \u00fcye devletin veya bir ortak \u00fclkenin kanunlar\u0131na g\u00f6re kurulmu\u015f ve bir t\u00fczel ki\u015fi taraf\u0131ndan sahip olunan kurulu\u015flar\u0131n m\u00fcnhas\u0131r kullan\u0131m\u0131;<\/li>\n<li style=\"text-align:justify\">Delegasyonlar, el\u00e7ilikler ve misyonlar dahil; birli\u011fin, \u00fcye devletlerin ve ortak \u00fclkelerin diplomatik temsilcilikleri;<\/li>\n<li style=\"text-align:justify\">Rusya h\u00fck\u00fcmeti ve bu h\u00fck\u00fcmet taraf\u0131ndan do\u011frudan veya dolayl\u0131 olarak kontrol edilen te\u015febb\u00fcsler hari\u00e7; Rusya&#8217;daki ger\u00e7ek ve t\u00fczel ki\u015filer, kurulu\u015flar i\u00e7in siber g\u00fcvenlik ve bilgi g\u00fcvenli\u011fini sa\u011flamak.<\/li>\n<\/ul>\n<p style=\"text-align:justify\">\u0130hracat\u00e7\u0131n\u0131n 1 May\u0131s 2022\u2019den \u00f6nce izin talep etmesi ko\u015fuluyla, 26 \u015eubat 2022&#8217;den \u00f6nce Rusya ile \u00fcye devletler aras\u0131nda \u00e7ift kullan\u0131ml\u0131 \u00fcr\u00fcnler ve ileri teknoloji \u00fcr\u00fcnlerinin ihracat\u0131 i\u00e7in imzalanan s\u00f6zle\u015fmelerin ifas\u0131na izin verilebilece\u011fi ifade edilmi\u015ftir. \u0130zin verilene kadar, yeni yapt\u0131r\u0131mlar kapsam\u0131ndaki \u00fcr\u00fcnlerin ihracat\u0131n\u0131n yasakland\u0131\u011f\u0131 belirtilmi\u015ftir. Ek olarak bahsedilen ihracat\u0131n; havac\u0131l\u0131k, uzay end\u00fcstrisi ve enerji sekt\u00f6r\u00fcne y\u00f6nelik olmas\u0131 durumunda ulusal yetkili makamlar taraf\u0131ndan izin verilmeyece\u011fi de belirtilmi\u015ftir. S\u00f6zle\u015fme do\u011frudan Yapt\u0131r\u0131mlar Y\u00f6netmeli\u011fi Ek IV&#8217;te listelenen bir ki\u015fi veya kurulu\u015fla yap\u0131lm\u0131\u015fsa, ulusal yetkili makamlar\u0131n s\u00f6zle\u015fmenin y\u00fcr\u00fct\u00fclmesine ancak ilgili \u00fcr\u00fcnlerin; insan sa\u011fl\u0131\u011f\u0131, g\u00fcvenli\u011fi ve \u00e7evre \u00fczerinde ciddi bir etkisi olmas\u0131 muhtemel bir olay\u0131n acil olarak \u00f6nlenmesi i\u00e7in gerekli olmas\u0131 halinde izin verilece\u011fi belirtilmi\u015ftir.<\/p>\n<p style=\"text-align:justify\">Bir di\u011fer SSS ile, AB Konsey T\u00fcz\u00fc\u011f\u00fc Madde 3ea\u2019n\u0131n, 24 \u015eubat 2022&#8217;den sonra tescilini Rus bayra\u011f\u0131na ya da ba\u015fka bir devletin bayra\u011f\u0131na veya siciline de\u011fi\u015ftiren gemiler de dahil olmak \u00fczere t\u00fcm Rus bayrakl\u0131 gemileri kapsad\u0131\u011f\u0131 belirtilmi\u015ftir. Bu nedenle, Rus bayra\u011f\u0131 alt\u0131nda seyreden m\u00fcrettebats\u0131z tekne kiralayan gemi kirac\u0131s\u0131n\u0131n, 24 \u015eubat&#8217;tan sonra kendi AB \u00fcye devleti bayra\u011f\u0131na veya ba\u015fka bir bayra\u011fa geri d\u00f6nmesi halinde, Rus bayra\u011f\u0131n\u0131 ta\u015f\u0131yor olarak kabul edilece\u011fi ve AB limanlar\u0131na eri\u015fim yasa\u011f\u0131na tabi olaca\u011f\u0131 belirtilmi\u015ftir. Ayr\u0131ca ilgili d\u00fczenleme, 8 Nisan 2023 tarihinden itibaren geminin bayrak devletinden ba\u011f\u0131ms\u0131z olarak, Rusya Denizcilik Sicili taraf\u0131ndan onaylanm\u0131\u015f herhangi bir geminin AB limanlar\u0131na eri\u015fimini de yasaklayaca\u011f\u0131 ifade edilmi\u015ftir.<\/p>\n<p style=\"text-align:justify\">Son olarak, AB Konsey T\u00fcz\u00fc\u011f\u00fc&#8217;n\u00fcn 3ea(1) Maddesi uyar\u0131nca; 9 Nisan 2022 tarihinden itibaren, geminin yard\u0131ma ihtiyac\u0131 oldu\u011fu ve s\u0131\u011f\u0131nacak bir yer arad\u0131\u011f\u0131 ya da deniz g\u00fcvenli\u011fi i\u00e7in acil bir liman \u00e7a\u011fr\u0131s\u0131 oldu\u011fu durumlar haricinde, Rusya bayra\u011f\u0131 alt\u0131nda kay\u0131tl\u0131 herhangi bir geminin Avrupa Birli\u011fi topraklar\u0131ndaki limanlara eri\u015fiminin yasakland\u0131\u011f\u0131 belirtilmi\u015ftir. Geminin Rusya bayra\u011f\u0131 alt\u0131nda kay\u0131tl\u0131 olmamas\u0131 ya da AB Konsey T\u00fcz\u00fc\u011f\u00fc&#8217;n\u00fcn 3ea(4) ve 3ea(5) maddelerinde belirtilen \u00f6zel ko\u015fullar alt\u0131nda limana girmesine izin verilmesi durumunda limana kabul edilmesi gerekti\u011fi ve AB Konsey T\u00fcz\u00fc\u011f\u00fc 269\/2014 kapsam\u0131nda tan\u0131mlanm\u0131\u015f bir ki\u015fi ya da kurulu\u015fa ait ise gemiye el konulmas\u0131 gerekti\u011fi belirtilmi\u015ftir.<\/p>\n<p style=\"text-align:justify\">\u015eafak Herdem, Elif Ergenekon<\/p>\n","protected":false},"excerpt":{"rendered":"<p>Avrupa Konseyi (\u201cKonsey\u201d) taraf\u0131ndan, 12 Ekim 2022 tarihinde Rusya&#8217;n\u0131n Ukrayna&#8217;ya y\u00f6nelik askeri sald\u0131rganl\u0131\u011f\u0131n\u0131n ard\u0131ndan kabul edilen yapt\u0131r\u0131mlarla ilgili \u00e7ift kullan\u0131ml\u0131 &#8230; <a title=\"Avrupa Birli\u011fi Yapt\u0131r\u0131mlar\u0131: \u0130hracatla \u0130lgili K\u0131s\u0131tlamalar ve AB Limanlar\u0131na Eri\u015fime Getirilen K\u0131s\u0131tlamalar Hakk\u0131nda S\u0131k Sorulan Sorular\" class=\"read-more\" href=\"https:\/\/herdemlaw.com\/en-us\/explore\/avrupa-birligi-yaptirimlari-ihracatla-ilgili-kisitlamalar-ve-ab-limanlarina-erisime-getirilen-kisitlamalar-hakkinda-sik-sorulan-sorular\/\" aria-label=\"Read more about Avrupa Birli\u011fi Yapt\u0131r\u0131mlar\u0131: \u0130hracatla \u0130lgili K\u0131s\u0131tlamalar ve AB Limanlar\u0131na Eri\u015fime Getirilen K\u0131s\u0131tlamalar Hakk\u0131nda S\u0131k Sorulan Sorular\">Read more<\/a><\/p>\n","protected":false},"author":1,"featured_media":7126,"comment_status":"closed","ping_status":"closed","sticky":false,"template":"","format":"standard","meta":{"footnotes":""},"categories":[25],"tags":[],"class_list":["post-1418","post","type-post","status-publish","format-standard","has-post-thumbnail","hentry","category-havacilik","masonry-post","generate-columns","tablet-grid-50","mobile-grid-100","grid-parent","grid-33"],"aioseo_notices":[],"_links":{"self":[{"href":"https:\/\/herdemlaw.com\/en-us\/wp-json\/wp\/v2\/posts\/1418","targetHints":{"allow":["GET"]}}],"collection":[{"href":"https:\/\/herdemlaw.com\/en-us\/wp-json\/wp\/v2\/posts"}],"about":[{"href":"https:\/\/herdemlaw.com\/en-us\/wp-json\/wp\/v2\/types\/post"}],"author":[{"embeddable":true,"href":"https:\/\/herdemlaw.com\/en-us\/wp-json\/wp\/v2\/users\/1"}],"replies":[{"embeddable":true,"href":"https:\/\/herdemlaw.com\/en-us\/wp-json\/wp\/v2\/comments?post=1418"}],"version-history":[{"count":1,"href":"https:\/\/herdemlaw.com\/en-us\/wp-json\/wp\/v2\/posts\/1418\/revisions"}],"predecessor-version":[{"id":7137,"href":"https:\/\/herdemlaw.com\/en-us\/wp-json\/wp\/v2\/posts\/1418\/revisions\/7137"}],"wp:featuredmedia":[{"embeddable":true,"href":"https:\/\/herdemlaw.com\/en-us\/wp-json\/wp\/v2\/media\/7126"}],"wp:attachment":[{"href":"https:\/\/herdemlaw.com\/en-us\/wp-json\/wp\/v2\/media?parent=1418"}],"wp:term":[{"taxonomy":"category","embeddable":true,"href":"https:\/\/herdemlaw.com\/en-us\/wp-json\/wp\/v2\/categories?post=1418"},{"taxonomy":"post_tag","embeddable":true,"href":"https:\/\/herdemlaw.com\/en-us\/wp-json\/wp\/v2\/tags?post=1418"}],"curies":[{"name":"wp","href":"https:\/\/api.w.org\/{rel}","templated":true}]}}