{"id":1365,"date":"2018-02-09T00:00:00","date_gmt":"2018-02-09T00:00:00","guid":{"rendered":"https:\/\/herdemlaw.com\/?p=1365"},"modified":"2025-04-07T12:47:34","modified_gmt":"2025-04-07T12:47:34","slug":"kus-carpmalarindan-kaynakli-hasar-sorumlulugu-ve-air-france-karari","status":"publish","type":"post","link":"https:\/\/herdemlaw.com\/en-us\/explore\/kus-carpmalarindan-kaynakli-hasar-sorumlulugu-ve-air-france-karari\/","title":{"rendered":"Ku\u015f \u00c7arpmalar\u0131ndan Kaynakl\u0131 Hasar Sorumlulu\u011fu ve Air France Karar\u0131"},"content":{"rendered":"<p>Fransa&#39;da yak\u0131n zamanda ger&ccedil;ekle\u015fen ku\u015f &ccedil;arpmas\u0131 sonucu u&ccedil;ak hasar\u0131nda mahkeme ilgin&ccedil; bir karar verdi. Air France&#39;a ait Airbus A321 numaral\u0131 u&ccedil;ak sabah saatlerinde Tulus Havaliman\u0131&#39;ndan kalk\u0131\u015f ger&ccedil;ekle\u015ftirdikten hemen sonra ku\u015f &ccedil;arpmas\u0131 sonucu a\u011f\u0131r zarar g&ouml;ren motoru nedeni ile acil ini\u015f yapmak zorunda kalm\u0131\u015ft\u0131r. Kalk\u0131\u015f ger&ccedil;ekle\u015ftirilmeden &ouml;nce Hayvan Tehlikelerini &Ouml;nleme Kurumu (SPPA) b&ouml;lgede ku\u015f oldu\u011funu bildirmi\u015f ve ba\u015fka bir u&ccedil;ak taraf\u0131ndan da ku\u015flar\u0131n varl\u0131\u011f\u0131 nedeni ile uyar\u0131lan Airbus A321, kalk\u0131\u015f izninin verilmesi ile kalk\u0131\u015f\u0131 ger&ccedil;ekle\u015ftirmi\u015ftir. Havayolu \u015firketi daha sonra olu\u015fan zararlar\u0131 nedeni ile havaliman\u0131na dava a&ccedil;m\u0131\u015ft\u0131r.<\/p>\n<p>Yerel mahkeme dava kar\u015f\u0131s\u0131nda, olaya dahil olan b&uuml;t&uuml;n taraflar\u0131 sorumlu bulmu\u015ftur; Devlet hava trafi\u011fi kontrol&uuml;n&uuml; sa\u011flamas\u0131 gereken taraf olarak uyar\u0131lara ra\u011fmen kalk\u0131\u015fa izin verdi\u011fi i&ccedil;in, Hayvan Tehlikelerini &Ouml;nleme Kurumu (SPPA) gerekli &ouml;nlemleri almad\u0131\u011f\u0131 i&ccedil;in, Tulus Havaliman\u0131 denetim y&uuml;k&uuml;ml&uuml;l&uuml;\u011f&uuml; nedeni ile denetimci olarak &ouml;nlemlerin al\u0131nmam\u0131\u015f olmas\u0131ndan sorumlu oldu\u011fu i&ccedil;in ve son olarak Havayolu Air France kendisine yap\u0131lan uyar\u0131lar\u0131 dikkate almad\u0131\u011f\u0131 i&ccedil;in sorumlu bulunmu\u015ftur. Bu karara yap\u0131lan itirazlar ve davan\u0131n y&uuml;ksek mahkemelere gitmesi sonras\u0131nda son karar\u0131 veren Dan\u0131\u015ftay,&nbsp; hava trafi\u011fi kontrol&uuml;n&uuml; sa\u011flamas\u0131 gereken devleti ve alty&uuml;klenici olan SPPA&#39;yi sorumlu bulmu\u015f ve motor hasar\u0131 i&ccedil;in tazminata mahkum etmi\u015ftir.<\/p>\n<p>Ku\u015f &ccedil;arpmalar\u0131 sonucu olu\u015fan hasar u&ccedil;u\u015f g&uuml;venli\u011fini ciddi \u015fekilde etkileyen ve maddi hasara ve baz\u0131 durumlarda can kayb\u0131na yol a&ccedil;abilen bir durum ve d&uuml;nyada nerdeyse y\u0131lda 5,000 veya 6,000 kere ger&ccedil;ekle\u015fen bu olay, 1.2. milyar dolara kadar mal olabilen kazalara yol a&ccedil;makta. Peki, bu durumda hasara kim katlanacakt\u0131r?<\/p>\n<p>Her ne kadar kesin bir kural koyulmam\u0131\u015f olsa ve olaylar\u0131n do\u011fas\u0131na g&ouml;re sonu&ccedil;lar farkl\u0131l\u0131k g&ouml;sterse de Fransa&#39;da ger&ccedil;ekle\u015fen bu dava sonucu Dan\u0131\u015ftay&#39;\u0131n vermi\u015f oldu\u011fu karardan sonra &ccedil;\u0131kar\u0131labilecek iki de\u011ferlendirme:<\/p>\n<p>&nbsp;<\/p>\n<p>Hava trafi\u011fini kontrol eden kurumun kalk\u0131\u015f izni vermesi sonucu, havayolunun u&ccedil;u\u015ftan do\u011fabilecek riskleri bilmesine ra\u011fmen sorumsuz oldu\u011fu ve dolay\u0131s\u0131 ile olas\u0131 bir ku\u015f &ccedil;arpmas\u0131ndan dolay\u0131 havayolunun sorumlu tutulamayaca\u011f\u0131, ayn\u0131 zamanda havalimanlar\u0131n\u0131n alt y&uuml;klenicileri nedeni ile her zaman sorumlu olmad\u0131\u011f\u0131d\u0131r. Havalimanlar\u0131n\u0131n sorumlu tutulabilmesi i&ccedil;in denetim y&uuml;k&uuml;ml&uuml;l&uuml;klerini yerine getirmemi\u015f ve gerekli &ouml;zeni g&ouml;stermemi\u015f olmalar\u0131 gerekmektedir.<\/p>\n","protected":false},"excerpt":{"rendered":"<p>Fransa&#8217;da yak\u0131n zamanda ger\u00e7ekle\u015fen ku\u015f \u00e7arpmas\u0131 sonucu u\u00e7ak hasar\u0131nda mahkeme ilgin\u00e7 bir karar verdi.<\/p>\n","protected":false},"author":1,"featured_media":7795,"comment_status":"closed","ping_status":"closed","sticky":false,"template":"","format":"standard","meta":{"footnotes":""},"categories":[25],"tags":[],"class_list":["post-1365","post","type-post","status-publish","format-standard","has-post-thumbnail","hentry","category-havacilik","masonry-post","generate-columns","tablet-grid-50","mobile-grid-100","grid-parent","grid-33"],"aioseo_notices":[],"_links":{"self":[{"href":"https:\/\/herdemlaw.com\/en-us\/wp-json\/wp\/v2\/posts\/1365","targetHints":{"allow":["GET"]}}],"collection":[{"href":"https:\/\/herdemlaw.com\/en-us\/wp-json\/wp\/v2\/posts"}],"about":[{"href":"https:\/\/herdemlaw.com\/en-us\/wp-json\/wp\/v2\/types\/post"}],"author":[{"embeddable":true,"href":"https:\/\/herdemlaw.com\/en-us\/wp-json\/wp\/v2\/users\/1"}],"replies":[{"embeddable":true,"href":"https:\/\/herdemlaw.com\/en-us\/wp-json\/wp\/v2\/comments?post=1365"}],"version-history":[{"count":1,"href":"https:\/\/herdemlaw.com\/en-us\/wp-json\/wp\/v2\/posts\/1365\/revisions"}],"predecessor-version":[{"id":7805,"href":"https:\/\/herdemlaw.com\/en-us\/wp-json\/wp\/v2\/posts\/1365\/revisions\/7805"}],"wp:featuredmedia":[{"embeddable":true,"href":"https:\/\/herdemlaw.com\/en-us\/wp-json\/wp\/v2\/media\/7795"}],"wp:attachment":[{"href":"https:\/\/herdemlaw.com\/en-us\/wp-json\/wp\/v2\/media?parent=1365"}],"wp:term":[{"taxonomy":"category","embeddable":true,"href":"https:\/\/herdemlaw.com\/en-us\/wp-json\/wp\/v2\/categories?post=1365"},{"taxonomy":"post_tag","embeddable":true,"href":"https:\/\/herdemlaw.com\/en-us\/wp-json\/wp\/v2\/tags?post=1365"}],"curies":[{"name":"wp","href":"https:\/\/api.w.org\/{rel}","templated":true}]}}