{"id":1158,"date":"2018-12-11T00:00:00","date_gmt":"2018-12-11T00:00:00","guid":{"rendered":"https:\/\/herdemlaw.com\/?p=1158"},"modified":"2025-04-07T12:28:57","modified_gmt":"2025-04-07T12:28:57","slug":"birlesik-krallik-bilgi-komisyonu-ofisinin-verilerin-siyasi-kampanyalarda-kullanilmasina-yonelik-sorusturma-raporu","status":"publish","type":"post","link":"https:\/\/herdemlaw.com\/en-us\/explore\/birlesik-krallik-bilgi-komisyonu-ofisinin-verilerin-siyasi-kampanyalarda-kullanilmasina-yonelik-sorusturma-raporu\/","title":{"rendered":"Birle\u015fik Krall\u0131k Bilgi Komisyonu Ofisi\u2019nin Verilerin Siyasi Kampanyalarda Kullan\u0131lmas\u0131na Y\u00f6nelik Soru\u015fturma Raporu"},"content":{"rendered":"<p><span style=\"font-family:'Arial','sans-serif'; font-size:10.0pt\">Bireylerin verilerinin analiz edilerek, siyasal se&ccedil;im kampanyalar\u0131nda, belli siyasi partilerin yarar\u0131na y&ouml;n verilmek i&ccedil;in kullan\u0131lmas\u0131 &uuml;zerine ortaya &ccedil;\u0131kan &ldquo;Facebook-Cambridge Analytica&rdquo; skandal\u0131 sonras\u0131, Birle\u015fik Krall\u0131k Bilgi Komisyonu Ofisi (ICO) uzun s&uuml;ren soru\u015fturmas\u0131n\u0131n ard\u0131ndan Parlamento&rsquo;ya g&uuml;ncel raporunu sundu.<\/span><\/p>\n<p><span style=\"font-family:'Arial','sans-serif'; font-size:10.0pt\">Soru\u015fturma &ccedil;er&ccedil;evesinde y&uuml;r&uuml;t&uuml;len ara\u015ft\u0131rma, kapsam olarak daha &ouml;nce benzeri g&ouml;r&uuml;lmemi\u015f bir \u015fekilde yap\u0131ld\u0131; 700 terabaytl\u0131k bilginin bulundu\u011fu, 30 \u015firketi kapsayan ve bu \u015firketlerde &ccedil;al\u0131\u015fan 33 ayr\u0131 birey ile yap\u0131lan g&ouml;r&uuml;\u015fmeleri de i&ccedil;eren bir adli analiz ger&ccedil;ekle\u015ftirildi, bu analizin neredeyse 52 milyar sayfal\u0131k bir incelemeye denk d&uuml;\u015ft&uuml;\u011f&uuml; d&uuml;\u015f&uuml;n&uuml;lmektedir.<\/span><\/p>\n<p><span style=\"font-family:'Arial','sans-serif'; font-size:10.0pt\">Bu analizlerin yap\u0131lmas\u0131n\u0131n sebebi arka planda; ki\u015fisel veriler &uuml;zerinden gizli &ccedil;\u0131kar\u0131mlar, algoritmalar, bireylerin profillenmesi ve e\u015fle\u015ftirilmesi gibi y&ouml;ntemler ile adeta gizli bir veri i\u015flemesi yap\u0131ld\u0131\u011f\u0131n\u0131n d&uuml;\u015f&uuml;n&uuml;lmesidir. Avrupa Genel Veri Koruma T&uuml;z&uuml;\u011f&uuml; (GDPR) kapsam\u0131nda ki\u015fisel verisi i\u015flenen bireylerin, bu verinin nerede tutuldu\u011fu, nas\u0131l ve kim taraf\u0131ndan, nerede i\u015flendi\u011fi gibi, verileri ile ilgili bir&ccedil;ok bilgiye ula\u015fma haklar\u0131 bulunmaktad\u0131r. Bu veriyi kullanacak olan veri sorumlular\u0131n\u0131n ise bu bilgiyi en a&ccedil;\u0131k ve sade dille, ayr\u0131nt\u0131lar\u0131 ile kesin ve \u015feffaf \u015fekilde, veri ki\u015fileri ile payla\u015fmas\u0131 gerekmektedir, hatta bu kanuni bir zorunluluk olarak &ouml;ng&ouml;r&uuml;lm&uuml;\u015ft&uuml;r. ICO ayn\u0131 zamanda bu veriler siyasi ama&ccedil; g&uuml;d&uuml;lerek i\u015flenecekse, olmas\u0131 gereken &ldquo;\u015feffafl\u0131k&rdquo; &ouml;l&ccedil;&uuml;t&uuml;n&uuml;n daha da g&uuml;&ccedil;lendirilmi\u015f bir \u015fekilde dikkate al\u0131nmas\u0131 ve uygulanmas\u0131 gerekti\u011fini d&uuml;\u015f&uuml;nmektedir. Bir &uuml;lkenin demokrasisini b&uuml;y&uuml;k &ouml;l&ccedil;&uuml;de etkileyecek se&ccedil;im kampanyalar\u0131 ve se&ccedil;imler gibi &ouml;nem arz eden konularda, bu verilerin nas\u0131l kullan\u0131ld\u0131\u011f\u0131na dair veri sorumlular\u0131 ve i\u015fleyenlerin y&uuml;k&uuml;ml&uuml;l&uuml;kleri daha a\u011f\u0131r ve s\u0131k\u0131 olmal\u0131d\u0131r.<\/span><\/p>\n<p><span style=\"font-family:'Arial','sans-serif'; font-size:10.0pt\">Yap\u0131lan incelemeler ve y&uuml;r&uuml;t&uuml;len soru\u015fturma sonucu &ldquo;Investigation Into The Use of Data Analytics in Political Campaigns&rdquo; raporunu parlamentoya sunan ICO m&uuml;d&uuml;r&uuml; Elizabeth Denham; bir&ccedil;ok s\u0131k\u0131nt\u0131y\u0131 hali haz\u0131rda ortaya &ccedil;\u0131karm\u0131\u015f olmalar\u0131na ra\u011fmen, soru\u015fturman\u0131n devam etti\u011fini ve gelecekte ayr\u0131 bir soru\u015fturma yap\u0131lmas\u0131 ve yapt\u0131r\u0131mlar uygulanmas\u0131 gerekece\u011fini de dile getirmi\u015ftir.<\/span><\/p>\n<p><span style=\"font-family:'Arial','sans-serif'; font-size:10.0pt\">Yap\u0131lan soru\u015fturmada; se&ccedil;im kampanyalar\u0131nda oy veren bireylerin &ccedil;o\u011funun, ki\u015fisel verilerinin gizlili\u011finin sosyal medya platformlar\u0131 da dahil olmak &uuml;zere, veri \u015firketleri, siyasal grup ve partiler taraf\u0131ndan ihlal edildi\u011fi a&ccedil;\u0131\u011fa &ccedil;\u0131km\u0131\u015ft\u0131r.<\/span><\/p>\n<p><span style=\"font-family:'Arial','sans-serif'; font-size:10.0pt\">&Ouml;zellikle ICO taraf\u0131ndan; 2007 ve 2014 y\u0131llar\u0131 aras\u0131nda Facebook&rsquo;un kullan\u0131c\u0131 verilerini haks\u0131z bir \u015fekilde &uuml;&ccedil;&uuml;nc&uuml; taraflarla payla\u015ft\u0131\u011f\u0131, bu konu hakk\u0131nda kullan\u0131c\u0131lar\u0131n onaylar\u0131n\u0131 almad\u0131\u011f\u0131 ve bilgilendirme yapmad\u0131\u011f\u0131, bu verileri yeterli d&uuml;zeyde korumad\u0131\u011f\u0131 nedenleri ile ayr\u0131 bir soru\u015fturma ba\u015flat\u0131lm\u0131\u015ft\u0131r. Bu soru\u015fturma ayn\u0131 zamanda neredeyse 87 milyon ki\u015finin verisine ula\u015fan ve ABD se&ccedil;imlerini etkiledi\u011fi d&uuml;\u015f&uuml;n&uuml;len Cambridge Analytica skandal\u0131n\u0131n ortaya &ccedil;\u0131kmas\u0131 ile daha da h\u0131zland\u0131r\u0131lm\u0131\u015ft\u0131r. 2015 Aral\u0131k ay\u0131nda verinin k&ouml;t&uuml;ye kullan\u0131ld\u0131\u011f\u0131 Facebook taraf\u0131ndan anla\u015f\u0131lm\u0131\u015f olsa da &uuml;st&uuml;ne d&uuml;\u015feni yapmayan Facebook, gerekli &ouml;nlemleri ve korumalar\u0131 zaman\u0131nda ve yeterli &ouml;l&ccedil;&uuml;de almam\u0131\u015f, verileri imha etmemi\u015f ve silmemi\u015f, 2018 y\u0131l\u0131na kadar Cambridge Analytica&rsquo;n\u0131n da dahil oldu\u011fu SCL Elections Ltd grup \u015firketinin platformlar\u0131na eri\u015fim yetkisini sonland\u0131rmam\u0131\u015ft\u0131r. Veri koruma kanunlar\u0131n\u0131 ve beraberinde gelen y&uuml;k&uuml;ml&uuml;l&uuml;klerini a&ccedil;\u0131k bir \u015fekilde ihlal eden Facebook ad\u0131na bu soru\u015fturma sonucunda, ICO taraf\u0131ndan, GDPR &ouml;ncesi eski veri koruma kanununa dayan\u0131larak, maksimum ceza olan 500.000 sterlinlik bir para cezas\u0131 verilmi\u015ftir. GDPR uygulansa idi bu cezan\u0131n 1.60 milyar dolara kadar &ccedil;\u0131kabilece\u011fi d&uuml;\u015f&uuml;n&uuml;lmektedir. Ayn\u0131 zamanda SCL Elections Ltd \u015firketine kar\u015f\u0131 cezai kovu\u015fturmalar ba\u015flat\u0131lm\u0131\u015ft\u0131r, bulunan ayk\u0131r\u0131l\u0131klar gerekti\u011fi &ouml;l&ccedil;&uuml;de a&ccedil;\u0131k bir \u015fekilde kamu ile de ICO taraf\u0131ndan payla\u015f\u0131lm\u0131\u015ft\u0131r.<\/span><\/p>\n<p><span style=\"font-family:'Arial','sans-serif'; font-size:10.0pt\">ICO bu s&uuml;re&ccedil;te sadece icra-i fiillerde bulunmam\u0131\u015f ve haz\u0131rlad\u0131\u011f\u0131 rapor ile birlikte; verilerin se&ccedil;im kampanyalar\u0131nda ve se&ccedil;imlerde nas\u0131l kullan\u0131lmas\u0131 gerekti\u011fine dair bir uygulama ilkeleri haz\u0131rlama ve belli kurallar koyma &ccedil;a\u011fr\u0131s\u0131nda bulunmu\u015ftur. Bu ilkeler ile ki\u015fisel verilerin se&ccedil;im kampanyalar\u0131 ve se&ccedil;imlerde hukuka uygun olarak kullan\u0131lmas\u0131 sa\u011flanacak ve bireylere, verileri &uuml;zerinde bilgi sahibi olabilme hakk\u0131 verilecek ve verilerinin g&uuml;venli\u011finin sa\u011flanmas\u0131 garanti alt\u0131na al\u0131nacakt\u0131r. ICO bu &ccedil;\u0131kar\u0131lmas\u0131 planlanan ilkelerin veri koruma yasalar\u0131 ile ayn\u0131 mevkide tutulmas\u0131 gerekti\u011fini s&ouml;ylemekte ve bir&ccedil;ok &ouml;nemli konunun hali haz\u0131rda uygulama ilkeleri ile korundu\u011funu, demokratik s&uuml;recin de bunun i&ccedil;erisinde kabul edilmesi gerekti\u011fini &ouml;ng&ouml;rmektedir.<\/span><\/p>\n<p>&nbsp;<\/p>\n<p><span style=\"font-family:'Arial','sans-serif'; font-size:10.0pt\">ICO, \u015fu an Birle\u015fik Krall\u0131k Se&ccedil;im Komisyonu ile birlikte &ccedil;al\u0131\u015ft\u0131klar\u0131n\u0131 ve dijital &ccedil;a\u011fda se&ccedil;im kampanyalar\u0131n\u0131n veri koruma ilkelerine uyumun ve veri g&uuml;venli\u011finin sa\u011flanmas\u0131 i&ccedil;in b&ouml;yle bir ilke getirilmesinin ne kadar elzem oldu\u011funu belirtmektedir. Bu durumun sadece Birle\u015fik Krall\u0131k ile s\u0131n\u0131rl\u0131 olmad\u0131\u011f\u0131n\u0131,&nbsp; ayn\u0131 zamanda uluslararas\u0131 bir sorun oldu\u011funu dile getiren ICO, se&ccedil;im tekniklerinde \u015feffafl\u0131\u011f\u0131n artt\u0131r\u0131lmas\u0131 gerekti\u011fini s&ouml;ylemektedir. Bu soru\u015fturma ile a&ccedil;\u0131\u011fa &ccedil;\u0131kanlar\u0131n sa\u011flad\u0131\u011f\u0131 bilgi ve se&ccedil;imlerde veri g&uuml;venli\u011finin sa\u011flanmas\u0131na duyulan ihtiya&ccedil; nedeni ile Avrupa Birli\u011fi de harekete ge&ccedil;mi\u015f, Kanada Parlamento Komitesi gizlilik hukukunun siyasi partileri de i&ccedil;ermesi gerekti\u011fi g&ouml;r&uuml;\u015f&uuml;nde oldu\u011funu dile getirmi\u015f,&nbsp; Amerika ise yak\u0131n zamanda gelmesi beklenen bir veri koruma kanunu haz\u0131rlad\u0131\u011f\u0131n\u0131 s&ouml;ylemi\u015ftir. Verilerin kullan\u0131m alanlar\u0131n\u0131n geni\u015flemesi ve yayg\u0131nla\u015fmas\u0131 ile artan g&uuml;venlik ve veri ihlallerinin, art\u0131k siyasi ortamlarda da ger&ccedil;ekle\u015fmesi ile birlikte, ICO taraf\u0131ndan getirilmesi i&ccedil;in &ccedil;a\u011fr\u0131 yap\u0131lan bu ilkelerin k\u0131sa s&uuml;rede b&uuml;t&uuml;n devletlerce uygulanmas\u0131 ve kendi hukuk sistemleri i&ccedil;erisinde kabul g&ouml;rmesi, vatanda\u015flar\u0131n demokrasi ve verilerinin gizlili\u011fine duyduklar\u0131 g&uuml;veni artt\u0131racakt\u0131r.<\/span><\/p>\n","protected":false},"excerpt":{"rendered":"<p>Bireylerin verilerinin analiz edilerek, siyasal se\u00e7im kampanyalar\u0131nda, belli siyasi partilerin yarar\u0131na y\u00f6n verilmek i\u00e7in kullan\u0131lmas\u0131 \u00fczerine ortaya \u00e7\u0131kan \u201cFacebook-Cambridge Analytica\u201d skandal\u0131 sonras\u0131<\/p>\n","protected":false},"author":1,"featured_media":7755,"comment_status":"closed","ping_status":"closed","sticky":false,"template":"","format":"standard","meta":{"footnotes":""},"categories":[26],"tags":[],"class_list":["post-1158","post","type-post","status-publish","format-standard","has-post-thumbnail","hentry","category-kisisel-veri","masonry-post","generate-columns","tablet-grid-50","mobile-grid-100","grid-parent","grid-33"],"aioseo_notices":[],"_links":{"self":[{"href":"https:\/\/herdemlaw.com\/en-us\/wp-json\/wp\/v2\/posts\/1158","targetHints":{"allow":["GET"]}}],"collection":[{"href":"https:\/\/herdemlaw.com\/en-us\/wp-json\/wp\/v2\/posts"}],"about":[{"href":"https:\/\/herdemlaw.com\/en-us\/wp-json\/wp\/v2\/types\/post"}],"author":[{"embeddable":true,"href":"https:\/\/herdemlaw.com\/en-us\/wp-json\/wp\/v2\/users\/1"}],"replies":[{"embeddable":true,"href":"https:\/\/herdemlaw.com\/en-us\/wp-json\/wp\/v2\/comments?post=1158"}],"version-history":[{"count":1,"href":"https:\/\/herdemlaw.com\/en-us\/wp-json\/wp\/v2\/posts\/1158\/revisions"}],"predecessor-version":[{"id":7765,"href":"https:\/\/herdemlaw.com\/en-us\/wp-json\/wp\/v2\/posts\/1158\/revisions\/7765"}],"wp:featuredmedia":[{"embeddable":true,"href":"https:\/\/herdemlaw.com\/en-us\/wp-json\/wp\/v2\/media\/7755"}],"wp:attachment":[{"href":"https:\/\/herdemlaw.com\/en-us\/wp-json\/wp\/v2\/media?parent=1158"}],"wp:term":[{"taxonomy":"category","embeddable":true,"href":"https:\/\/herdemlaw.com\/en-us\/wp-json\/wp\/v2\/categories?post=1158"},{"taxonomy":"post_tag","embeddable":true,"href":"https:\/\/herdemlaw.com\/en-us\/wp-json\/wp\/v2\/tags?post=1158"}],"curies":[{"name":"wp","href":"https:\/\/api.w.org\/{rel}","templated":true}]}}